{"id":1961,"date":"2025-02-03T15:18:48","date_gmt":"2025-02-03T15:18:48","guid":{"rendered":"https:\/\/2024.zun-schweiz.ch\/2024\/01\/08\/interview-deleveuse-avec-katrin-zaugg\/"},"modified":"2025-02-03T15:00:11","modified_gmt":"2025-02-03T15:00:11","slug":"interview-deleveur-avec-sebastien-baechler","status":"publish","type":"post","link":"https:\/\/zun-schweiz.ch\/fr\/interview-deleveur-avec-sebastien-baechler\/","title":{"rendered":"Interview d&rsquo;\u00e9leveur avec S\u00e9bastien Baechler"},"content":{"rendered":"\n<div class=\"wp-block-columns is-layout-flex wp-container-core-columns-is-layout-28f84493 wp-block-columns-is-layout-flex\">\n<div class=\"wp-block-column is-vertically-aligned-center is-layout-flow wp-block-column-is-layout-flow\" style=\"flex-basis:25%\">\n<figure class=\"wp-block-image aligncenter size-full is-resized\"><img fetchpriority=\"high\" decoding=\"async\" width=\"342\" height=\"287\" src=\"https:\/\/zun-schweiz.ch\/wp-content\/uploads\/2024\/01\/logo-2_edited-1.png\" alt=\"\" class=\"wp-image-1157\" style=\"width:89px;height:auto\" srcset=\"https:\/\/zun-schweiz.ch\/wp-content\/uploads\/2024\/01\/logo-2_edited-1.png 342w, https:\/\/zun-schweiz.ch\/wp-content\/uploads\/2024\/01\/logo-2_edited-1-300x252.png 300w\" sizes=\"(max-width: 342px) 100vw, 342px\" \/><\/figure>\n<\/div>\n\n\n\n<div class=\"wp-block-column is-vertically-aligned-center is-layout-flow wp-block-column-is-layout-flow\" style=\"flex-basis:50%\">\n<p><strong>Poules appenzelloises barbues, canards de Pom\u00e9ranie et oies de Diepholz<\/strong><\/p>\n<\/div>\n\n\n\n<div class=\"wp-block-column is-layout-flow wp-block-column-is-layout-flow\" style=\"flex-basis:25%\"><\/div>\n<\/div>\n\n<div class=\"wp-block-columns is-layout-flex wp-container-core-columns-is-layout-28f84493 wp-block-columns-is-layout-flex\">\n<div class=\"wp-block-column is-vertically-aligned-center is-layout-flow wp-block-column-is-layout-flow\" style=\"flex-basis:25%\">\n<figure class=\"wp-block-image aligncenter size-full is-resized\"><img decoding=\"async\" width=\"512\" height=\"512\" src=\"https:\/\/zun-schweiz.ch\/wp-content\/uploads\/2024\/01\/ort.png\" alt=\"\" class=\"wp-image-1159\" style=\"width:40px;height:auto\" srcset=\"https:\/\/zun-schweiz.ch\/wp-content\/uploads\/2024\/01\/ort.png 512w, https:\/\/zun-schweiz.ch\/wp-content\/uploads\/2024\/01\/ort-300x300.png 300w, https:\/\/zun-schweiz.ch\/wp-content\/uploads\/2024\/01\/ort-150x150.png 150w\" sizes=\"(max-width: 512px) 100vw, 512px\" \/><\/figure>\n<\/div>\n\n\n\n<div class=\"wp-block-column is-vertically-aligned-center is-layout-flow wp-block-column-is-layout-flow\" style=\"flex-basis:50%\">\n<p><strong>1745 Lentigny<\/strong><\/p>\n<\/div>\n\n\n\n<div class=\"wp-block-column is-layout-flow wp-block-column-is-layout-flow\" style=\"flex-basis:25%\"><\/div>\n<\/div>\n\n<p><\/p>\n\n<p><strong>Qu&rsquo;est-ce qui te fascine dans l&rsquo;\u00e9levage de volailles, dans tes animaux ?<\/strong><\/p>\n\n<p>On peut dire que je suis tomb\u00e9 dedans \u00e9tant petit ! J&rsquo;ai attrap\u00e9 le virus de ma grand-maman paternelle&#8230; A l&rsquo;\u00e9poque, j&rsquo;avais 3 ans et je r\u00e9cup\u00e9rais les poules destin\u00e9es \u00e0 la casserole ou m\u00eame pour les renards. Mes premiers r\u00e9sultats en aviculture furent prometteurs. Pour mes 5 ans, j&rsquo;ai demand\u00e9 \u00e0 mes parents mes premi\u00e8res poules de race. Je me souviendrai toute ma vie de l&rsquo;arriv\u00e9e de mes 3 poules par la Poste dans un joli carton venu du Tessin. C&rsquo;est par hasard que j&rsquo;ai d\u00e9couvert la poule appenzelloise hupp\u00e9e ; un agriculteur du village poss\u00e9dait un magnifique sujet. Pour mes 7 ans, j&rsquo;ai cass\u00e9 ma tirelire pour m&rsquo;offrir 20 oeufs destin\u00e9s \u00e0 la couveuse. On peut dire que je suis tomb\u00e9 follement amoureux de cette race. Une belle histoire qui a dur\u00e9 bien quinze ann\u00e9es. Durant cette p\u00e9riode, j&rsquo;ai v\u00e9cu de nombreux \u00e9checs et d\u00e9sillusions. De nombreuses joies et aussi une grande satisfaction. Beaucoup de sujets de mon \u00e9levage ont \u00e9t\u00e9 dispers\u00e9s dans toute la Suisse et m\u00eame au-del\u00e0 de nos fronti\u00e8res. Ma plus belle r\u00e9ussite \u00e9tait lors de l&rsquo;exposition cantonale de Fribourg en 2013 ; mes 3 sujets expos\u00e9s ont fait 96 points. Une race qui n&rsquo;a plus de secret pour moi, tant sur la forme ainsi que les diff\u00e9rentes couleurs.              <\/p>\n\n<p>Par la suite j&rsquo;ai test\u00e9 la poule suisse, une belle d\u00e9couverte, malgr\u00e9 que je trouvais les oeufs un peu l\u00e9gers et une consommation d&rsquo;aliment \u00e9lev\u00e9e.<\/p>\n\n<p>Il me restait l&rsquo;appenzelloise barbue \u00e0 essayer&#8230; Cette race me surprend de jour en jour, tant au niveau de son temp\u00e9rament que de sa ponte. Une ponte tr\u00e8s pr\u00e9coce et une taille d&rsquo;oeuf plus que raisonnable. Une vraie belle d\u00e9couverte, une race qui, \u00e0 mon avis, a un potentiel \u00e9conomique non n\u00e9gligeable. Il est important que l&rsquo;on essaie de rendre toutes nos races ZUN rentables. Soit par la valorisation des carcasses, soit pour la ponte. Sur notre exploitation, nous avons mis en place une vente directe d&rsquo;oeufs. Nos clients peuvent se servir d&rsquo;oeufs de poules Lohmann brunes, d&rsquo;appenzelloises barbues, de canards de Pom\u00e9ranie et de mani\u00e8re saisonni\u00e8re, des oeufs d&rsquo;oies de Diepholz. Un grand choix qui permet de nous d\u00e9marquer dans ce secteur.        <\/p>\n\n<p><strong>Mon conseil d&rsquo;\u00e9levage pour les membres de la ZUN :<\/strong><\/p>\n\n<p>Avant de choisir une race, il est important de bien discuter avec des \u00e9leveurs d&rsquo;exp\u00e9rience. Tant au niveau des structures et poulaillers, qu&rsquo;au niveau technique, gestion du troupeau, alimentation, exigences de la race et au final, savoir ce que l&rsquo;on attend de cette race.  <\/p>\n\n<p>Ponte &#8211; chair ou les deux et beaut\u00e9. Je conseille de commencer par des oeufs \u00e0 couver ou des poussins n\u00e9s car cela permet d&rsquo;avoir plus de sujets \u00e0 trier et c&rsquo;est financi\u00e8rement moins co\u00fbteux pour le futur \u00e9leveur. M\u00eame si les premiers r\u00e9sultats ne sont pas aussi concluants qu&rsquo;esp\u00e9r\u00e9s, il est important de pers\u00e9v\u00e9rer pour le bien de nos races suisses.  <\/p>\n","protected":false},"excerpt":{"rendered":"<p>On pourrait dire que je suis tomb\u00e9 dedans quand j&rsquo;\u00e9tais petit ! J&rsquo;ai \u00e9t\u00e9 contamin\u00e9e par le \u00ab virus des poules \u00bb par ma grand-m\u00e8re paternelle&#8230; \u00c0 l&rsquo;\u00e9poque, j&rsquo;avais trois ans et je ramassais des poulets destin\u00e9s \u00e0 la casserole ou m\u00eame aux renards. Mes premiers r\u00e9sultats dans l&rsquo;\u00e9levage de volailles \u00e9taient prometteurs.   <\/p>\n","protected":false},"author":4,"featured_media":8336,"comment_status":"open","ping_status":"open","sticky":false,"template":"","format":"standard","meta":{"_acf_changed":false,"_monsterinsights_skip_tracking":false,"_monsterinsights_sitenote_active":false,"_monsterinsights_sitenote_note":"","_monsterinsights_sitenote_category":0,"footnotes":""},"categories":[64,53],"tags":[150,261,76],"class_list":["post-1961","post","type-post","status-publish","format-standard","has-post-thumbnail","hentry","category-portrait-fr","category-portrait-introduction","tag-alimentation","tag-elevage","tag-perdrix-dappenzell"],"acf":[],"yoast_head":"<!-- This site is optimized with the Yoast SEO plugin v27.4 - https:\/\/yoast.com\/product\/yoast-seo-wordpress\/ -->\r\n<title>Interview d&#039;\u00e9leveur avec S\u00e9bastien Baechler - ZUN Schweiz<\/title>\r\n<meta name=\"description\" content=\"Unser Bestreben ist es, die genetische Vielfalt der Schweizer Nutzgefl\u00fcgelrassen als Teil des Kulturerbes der Schweiz durch artgerechte Erhaltungszucht zu bewahren. Wir stellen unseren Mitgliedern nicht nur Fachwissen und Netzwerk zur Verf\u00fcgung, sondern unterst\u00fctzen die Zucht auch aktiv. Gemeinsam sensibilisieren wir die Bev\u00f6lkerung f\u00fcr einen bewussten und respektvollen Umgang mit Natur und Tier.\" \/>\r\n<meta name=\"robots\" content=\"index, follow, max-snippet:-1, max-image-preview:large, max-video-preview:-1\" \/>\r\n<link rel=\"canonical\" href=\"https:\/\/zun-schweiz.ch\/fr\/interview-deleveur-avec-sebastien-baechler\/\" \/>\r\n<meta property=\"og:locale\" content=\"fr_FR\" \/>\r\n<meta property=\"og:type\" content=\"article\" \/>\r\n<meta property=\"og:title\" content=\"Interview d&#039;\u00e9leveur avec S\u00e9bastien Baechler - ZUN Schweiz\" \/>\r\n<meta property=\"og:description\" content=\"Unser Bestreben ist es, die genetische Vielfalt der Schweizer Nutzgefl\u00fcgelrassen als Teil des Kulturerbes der Schweiz durch artgerechte Erhaltungszucht zu bewahren. Wir stellen unseren Mitgliedern nicht nur Fachwissen und Netzwerk zur Verf\u00fcgung, sondern unterst\u00fctzen die Zucht auch aktiv. Gemeinsam sensibilisieren wir die Bev\u00f6lkerung f\u00fcr einen bewussten und respektvollen Umgang mit Natur und Tier.\" \/>\r\n<meta property=\"og:url\" content=\"https:\/\/zun-schweiz.ch\/fr\/interview-deleveur-avec-sebastien-baechler\/\" \/>\r\n<meta property=\"og:site_name\" content=\"ZUN Schweiz\" \/>\r\n<meta property=\"article:publisher\" content=\"https:\/\/www.facebook.com\/zunschweiz.ch\/\" \/>\r\n<meta property=\"article:published_time\" content=\"2025-02-03T15:18:48+00:00\" \/>\r\n<meta property=\"og:image\" content=\"https:\/\/zun-schweiz.ch\/wp-content\/uploads\/2024\/01\/Danae-Perrin-scaled.jpg\" \/>\r\n\t<meta property=\"og:image:width\" content=\"1702\" \/>\r\n\t<meta property=\"og:image:height\" content=\"2560\" \/>\r\n\t<meta property=\"og:image:type\" content=\"image\/jpeg\" \/>\r\n<meta name=\"author\" content=\"Yasmin Spengler\" \/>\r\n<meta name=\"twitter:card\" content=\"summary_large_image\" \/>\r\n<meta name=\"twitter:label1\" content=\"\u00c9crit par\" \/>\n\t<meta name=\"twitter:data1\" content=\"Yasmin Spengler\" \/>\n\t<meta name=\"twitter:label2\" content=\"Dur\u00e9e de lecture estim\u00e9e\" \/>\n\t<meta name=\"twitter:data2\" content=\"4 minutes\" \/>\r\n<script type=\"application\/ld+json\" class=\"yoast-schema-graph\">{\"@context\":\"https:\\\/\\\/schema.org\",\"@graph\":[{\"@type\":\"Article\",\"@id\":\"https:\\\/\\\/zun-schweiz.ch\\\/fr\\\/interview-deleveur-avec-sebastien-baechler\\\/#article\",\"isPartOf\":{\"@id\":\"https:\\\/\\\/zun-schweiz.ch\\\/fr\\\/interview-deleveur-avec-sebastien-baechler\\\/\"},\"author\":{\"name\":\"Yasmin Spengler\",\"@id\":\"https:\\\/\\\/zun-schweiz.ch\\\/#\\\/schema\\\/person\\\/ed0fab7a7b40e6d9c4deae4987dbb038\"},\"headline\":\"Interview d&rsquo;\u00e9leveur avec S\u00e9bastien Baechler\",\"datePublished\":\"2025-02-03T15:18:48+00:00\",\"mainEntityOfPage\":{\"@id\":\"https:\\\/\\\/zun-schweiz.ch\\\/fr\\\/interview-deleveur-avec-sebastien-baechler\\\/\"},\"wordCount\":562,\"commentCount\":0,\"publisher\":{\"@id\":\"https:\\\/\\\/zun-schweiz.ch\\\/#organization\"},\"image\":{\"@id\":\"https:\\\/\\\/zun-schweiz.ch\\\/fr\\\/interview-deleveur-avec-sebastien-baechler\\\/#primaryimage\"},\"thumbnailUrl\":\"https:\\\/\\\/zun-schweiz.ch\\\/wp-content\\\/uploads\\\/2024\\\/01\\\/Danae-Perrin-s-scaled.jpg\",\"keywords\":[\"Alimentation\",\"\u00e9levage\",\"Perdrix d'Appenzell\"],\"articleSection\":[\"Portrait\",\"Portrait Introduction\"],\"inLanguage\":\"fr-FR\",\"potentialAction\":[{\"@type\":\"CommentAction\",\"name\":\"Comment\",\"target\":[\"https:\\\/\\\/zun-schweiz.ch\\\/fr\\\/interview-deleveur-avec-sebastien-baechler\\\/#respond\"]}]},{\"@type\":\"WebPage\",\"@id\":\"https:\\\/\\\/zun-schweiz.ch\\\/fr\\\/interview-deleveur-avec-sebastien-baechler\\\/\",\"url\":\"https:\\\/\\\/zun-schweiz.ch\\\/fr\\\/interview-deleveur-avec-sebastien-baechler\\\/\",\"name\":\"Interview d'\u00e9leveur avec S\u00e9bastien Baechler - ZUN Schweiz\",\"isPartOf\":{\"@id\":\"https:\\\/\\\/zun-schweiz.ch\\\/#website\"},\"primaryImageOfPage\":{\"@id\":\"https:\\\/\\\/zun-schweiz.ch\\\/fr\\\/interview-deleveur-avec-sebastien-baechler\\\/#primaryimage\"},\"image\":{\"@id\":\"https:\\\/\\\/zun-schweiz.ch\\\/fr\\\/interview-deleveur-avec-sebastien-baechler\\\/#primaryimage\"},\"thumbnailUrl\":\"https:\\\/\\\/zun-schweiz.ch\\\/wp-content\\\/uploads\\\/2024\\\/01\\\/Danae-Perrin-s-scaled.jpg\",\"datePublished\":\"2025-02-03T15:18:48+00:00\",\"description\":\"Unser Bestreben ist es, die genetische Vielfalt der Schweizer Nutzgefl\u00fcgelrassen als Teil des Kulturerbes der Schweiz durch artgerechte Erhaltungszucht zu bewahren. Wir stellen unseren Mitgliedern nicht nur Fachwissen und Netzwerk zur Verf\u00fcgung, sondern unterst\u00fctzen die Zucht auch aktiv. Gemeinsam sensibilisieren wir die Bev\u00f6lkerung f\u00fcr einen bewussten und respektvollen Umgang mit Natur und Tier.\",\"breadcrumb\":{\"@id\":\"https:\\\/\\\/zun-schweiz.ch\\\/fr\\\/interview-deleveur-avec-sebastien-baechler\\\/#breadcrumb\"},\"inLanguage\":\"fr-FR\",\"potentialAction\":[{\"@type\":\"ReadAction\",\"target\":[\"https:\\\/\\\/zun-schweiz.ch\\\/fr\\\/interview-deleveur-avec-sebastien-baechler\\\/\"]}]},{\"@type\":\"ImageObject\",\"inLanguage\":\"fr-FR\",\"@id\":\"https:\\\/\\\/zun-schweiz.ch\\\/fr\\\/interview-deleveur-avec-sebastien-baechler\\\/#primaryimage\",\"url\":\"https:\\\/\\\/zun-schweiz.ch\\\/wp-content\\\/uploads\\\/2024\\\/01\\\/Danae-Perrin-s-scaled.jpg\",\"contentUrl\":\"https:\\\/\\\/zun-schweiz.ch\\\/wp-content\\\/uploads\\\/2024\\\/01\\\/Danae-Perrin-s-scaled.jpg\",\"width\":1969,\"height\":2560},{\"@type\":\"BreadcrumbList\",\"@id\":\"https:\\\/\\\/zun-schweiz.ch\\\/fr\\\/interview-deleveur-avec-sebastien-baechler\\\/#breadcrumb\",\"itemListElement\":[{\"@type\":\"ListItem\",\"position\":1,\"name\":\"Startseite\",\"item\":\"https:\\\/\\\/zun-schweiz.ch\\\/fr\\\/accueil\\\/\"},{\"@type\":\"ListItem\",\"position\":2,\"name\":\"Interview d&#8217;\u00e9leveur avec S\u00e9bastien Baechler\"}]},{\"@type\":\"WebSite\",\"@id\":\"https:\\\/\\\/zun-schweiz.ch\\\/#website\",\"url\":\"https:\\\/\\\/zun-schweiz.ch\\\/\",\"name\":\"ZUN Schweiz\",\"description\":\"\",\"publisher\":{\"@id\":\"https:\\\/\\\/zun-schweiz.ch\\\/#organization\"},\"potentialAction\":[{\"@type\":\"SearchAction\",\"target\":{\"@type\":\"EntryPoint\",\"urlTemplate\":\"https:\\\/\\\/zun-schweiz.ch\\\/?s={search_term_string}\"},\"query-input\":{\"@type\":\"PropertyValueSpecification\",\"valueRequired\":true,\"valueName\":\"search_term_string\"}}],\"inLanguage\":\"fr-FR\"},{\"@type\":\"Organization\",\"@id\":\"https:\\\/\\\/zun-schweiz.ch\\\/#organization\",\"name\":\"ZUN Schweiz\",\"url\":\"https:\\\/\\\/zun-schweiz.ch\\\/\",\"logo\":{\"@type\":\"ImageObject\",\"inLanguage\":\"fr-FR\",\"@id\":\"https:\\\/\\\/zun-schweiz.ch\\\/#\\\/schema\\\/logo\\\/image\\\/\",\"url\":\"https:\\\/\\\/zun-schweiz.ch\\\/wp-content\\\/uploads\\\/2023\\\/11\\\/zun_091031_cmyk-07.jpg\",\"contentUrl\":\"https:\\\/\\\/zun-schweiz.ch\\\/wp-content\\\/uploads\\\/2023\\\/11\\\/zun_091031_cmyk-07.jpg\",\"width\":2378,\"height\":820,\"caption\":\"ZUN Schweiz\"},\"image\":{\"@id\":\"https:\\\/\\\/zun-schweiz.ch\\\/#\\\/schema\\\/logo\\\/image\\\/\"},\"sameAs\":[\"https:\\\/\\\/www.facebook.com\\\/zunschweiz.ch\\\/\",\"https:\\\/\\\/www.instagram.com\\\/zun_schweiz\\\/?hl=en\"]},{\"@type\":\"Person\",\"@id\":\"https:\\\/\\\/zun-schweiz.ch\\\/#\\\/schema\\\/person\\\/ed0fab7a7b40e6d9c4deae4987dbb038\",\"name\":\"Yasmin Spengler\",\"image\":{\"@type\":\"ImageObject\",\"inLanguage\":\"fr-FR\",\"@id\":\"https:\\\/\\\/secure.gravatar.com\\\/avatar\\\/dfe395caa43fd21a0d123bcfd63cb144b03a96797855c9da8b81b857bbea7423?s=96&d=mm&r=g\",\"url\":\"https:\\\/\\\/secure.gravatar.com\\\/avatar\\\/dfe395caa43fd21a0d123bcfd63cb144b03a96797855c9da8b81b857bbea7423?s=96&d=mm&r=g\",\"contentUrl\":\"https:\\\/\\\/secure.gravatar.com\\\/avatar\\\/dfe395caa43fd21a0d123bcfd63cb144b03a96797855c9da8b81b857bbea7423?s=96&d=mm&r=g\",\"caption\":\"Yasmin Spengler\"},\"url\":\"https:\\\/\\\/zun-schweiz.ch\\\/fr\\\/author\\\/yasmin-spengler\\\/\"}]}<\/script>\r\n<!-- \/ Yoast SEO plugin. -->","yoast_head_json":{"title":"Interview d'\u00e9leveur avec S\u00e9bastien Baechler - ZUN Schweiz","description":"Unser Bestreben ist es, die genetische Vielfalt der Schweizer Nutzgefl\u00fcgelrassen als Teil des Kulturerbes der Schweiz durch artgerechte Erhaltungszucht zu bewahren. Wir stellen unseren Mitgliedern nicht nur Fachwissen und Netzwerk zur Verf\u00fcgung, sondern unterst\u00fctzen die Zucht auch aktiv. Gemeinsam sensibilisieren wir die Bev\u00f6lkerung f\u00fcr einen bewussten und respektvollen Umgang mit Natur und Tier.","robots":{"index":"index","follow":"follow","max-snippet":"max-snippet:-1","max-image-preview":"max-image-preview:large","max-video-preview":"max-video-preview:-1"},"canonical":"https:\/\/zun-schweiz.ch\/fr\/interview-deleveur-avec-sebastien-baechler\/","og_locale":"fr_FR","og_type":"article","og_title":"Interview d'\u00e9leveur avec S\u00e9bastien Baechler - ZUN Schweiz","og_description":"Unser Bestreben ist es, die genetische Vielfalt der Schweizer Nutzgefl\u00fcgelrassen als Teil des Kulturerbes der Schweiz durch artgerechte Erhaltungszucht zu bewahren. Wir stellen unseren Mitgliedern nicht nur Fachwissen und Netzwerk zur Verf\u00fcgung, sondern unterst\u00fctzen die Zucht auch aktiv. Gemeinsam sensibilisieren wir die Bev\u00f6lkerung f\u00fcr einen bewussten und respektvollen Umgang mit Natur und Tier.","og_url":"https:\/\/zun-schweiz.ch\/fr\/interview-deleveur-avec-sebastien-baechler\/","og_site_name":"ZUN Schweiz","article_publisher":"https:\/\/www.facebook.com\/zunschweiz.ch\/","article_published_time":"2025-02-03T15:18:48+00:00","og_image":[{"width":1702,"height":2560,"url":"https:\/\/zun-schweiz.ch\/wp-content\/uploads\/2024\/01\/Danae-Perrin-scaled.jpg","type":"image\/jpeg"}],"author":"Yasmin Spengler","twitter_card":"summary_large_image","twitter_misc":{"\u00c9crit par":"Yasmin Spengler","Dur\u00e9e de lecture estim\u00e9e":"4 minutes"},"schema":{"@context":"https:\/\/schema.org","@graph":[{"@type":"Article","@id":"https:\/\/zun-schweiz.ch\/fr\/interview-deleveur-avec-sebastien-baechler\/#article","isPartOf":{"@id":"https:\/\/zun-schweiz.ch\/fr\/interview-deleveur-avec-sebastien-baechler\/"},"author":{"name":"Yasmin Spengler","@id":"https:\/\/zun-schweiz.ch\/#\/schema\/person\/ed0fab7a7b40e6d9c4deae4987dbb038"},"headline":"Interview d&rsquo;\u00e9leveur avec S\u00e9bastien Baechler","datePublished":"2025-02-03T15:18:48+00:00","mainEntityOfPage":{"@id":"https:\/\/zun-schweiz.ch\/fr\/interview-deleveur-avec-sebastien-baechler\/"},"wordCount":562,"commentCount":0,"publisher":{"@id":"https:\/\/zun-schweiz.ch\/#organization"},"image":{"@id":"https:\/\/zun-schweiz.ch\/fr\/interview-deleveur-avec-sebastien-baechler\/#primaryimage"},"thumbnailUrl":"https:\/\/zun-schweiz.ch\/wp-content\/uploads\/2024\/01\/Danae-Perrin-s-scaled.jpg","keywords":["Alimentation","\u00e9levage","Perdrix d'Appenzell"],"articleSection":["Portrait","Portrait Introduction"],"inLanguage":"fr-FR","potentialAction":[{"@type":"CommentAction","name":"Comment","target":["https:\/\/zun-schweiz.ch\/fr\/interview-deleveur-avec-sebastien-baechler\/#respond"]}]},{"@type":"WebPage","@id":"https:\/\/zun-schweiz.ch\/fr\/interview-deleveur-avec-sebastien-baechler\/","url":"https:\/\/zun-schweiz.ch\/fr\/interview-deleveur-avec-sebastien-baechler\/","name":"Interview d'\u00e9leveur avec S\u00e9bastien Baechler - ZUN Schweiz","isPartOf":{"@id":"https:\/\/zun-schweiz.ch\/#website"},"primaryImageOfPage":{"@id":"https:\/\/zun-schweiz.ch\/fr\/interview-deleveur-avec-sebastien-baechler\/#primaryimage"},"image":{"@id":"https:\/\/zun-schweiz.ch\/fr\/interview-deleveur-avec-sebastien-baechler\/#primaryimage"},"thumbnailUrl":"https:\/\/zun-schweiz.ch\/wp-content\/uploads\/2024\/01\/Danae-Perrin-s-scaled.jpg","datePublished":"2025-02-03T15:18:48+00:00","description":"Unser Bestreben ist es, die genetische Vielfalt der Schweizer Nutzgefl\u00fcgelrassen als Teil des Kulturerbes der Schweiz durch artgerechte Erhaltungszucht zu bewahren. Wir stellen unseren Mitgliedern nicht nur Fachwissen und Netzwerk zur Verf\u00fcgung, sondern unterst\u00fctzen die Zucht auch aktiv. Gemeinsam sensibilisieren wir die Bev\u00f6lkerung f\u00fcr einen bewussten und respektvollen Umgang mit Natur und Tier.","breadcrumb":{"@id":"https:\/\/zun-schweiz.ch\/fr\/interview-deleveur-avec-sebastien-baechler\/#breadcrumb"},"inLanguage":"fr-FR","potentialAction":[{"@type":"ReadAction","target":["https:\/\/zun-schweiz.ch\/fr\/interview-deleveur-avec-sebastien-baechler\/"]}]},{"@type":"ImageObject","inLanguage":"fr-FR","@id":"https:\/\/zun-schweiz.ch\/fr\/interview-deleveur-avec-sebastien-baechler\/#primaryimage","url":"https:\/\/zun-schweiz.ch\/wp-content\/uploads\/2024\/01\/Danae-Perrin-s-scaled.jpg","contentUrl":"https:\/\/zun-schweiz.ch\/wp-content\/uploads\/2024\/01\/Danae-Perrin-s-scaled.jpg","width":1969,"height":2560},{"@type":"BreadcrumbList","@id":"https:\/\/zun-schweiz.ch\/fr\/interview-deleveur-avec-sebastien-baechler\/#breadcrumb","itemListElement":[{"@type":"ListItem","position":1,"name":"Startseite","item":"https:\/\/zun-schweiz.ch\/fr\/accueil\/"},{"@type":"ListItem","position":2,"name":"Interview d&#8217;\u00e9leveur avec S\u00e9bastien Baechler"}]},{"@type":"WebSite","@id":"https:\/\/zun-schweiz.ch\/#website","url":"https:\/\/zun-schweiz.ch\/","name":"ZUN Schweiz","description":"","publisher":{"@id":"https:\/\/zun-schweiz.ch\/#organization"},"potentialAction":[{"@type":"SearchAction","target":{"@type":"EntryPoint","urlTemplate":"https:\/\/zun-schweiz.ch\/?s={search_term_string}"},"query-input":{"@type":"PropertyValueSpecification","valueRequired":true,"valueName":"search_term_string"}}],"inLanguage":"fr-FR"},{"@type":"Organization","@id":"https:\/\/zun-schweiz.ch\/#organization","name":"ZUN Schweiz","url":"https:\/\/zun-schweiz.ch\/","logo":{"@type":"ImageObject","inLanguage":"fr-FR","@id":"https:\/\/zun-schweiz.ch\/#\/schema\/logo\/image\/","url":"https:\/\/zun-schweiz.ch\/wp-content\/uploads\/2023\/11\/zun_091031_cmyk-07.jpg","contentUrl":"https:\/\/zun-schweiz.ch\/wp-content\/uploads\/2023\/11\/zun_091031_cmyk-07.jpg","width":2378,"height":820,"caption":"ZUN Schweiz"},"image":{"@id":"https:\/\/zun-schweiz.ch\/#\/schema\/logo\/image\/"},"sameAs":["https:\/\/www.facebook.com\/zunschweiz.ch\/","https:\/\/www.instagram.com\/zun_schweiz\/?hl=en"]},{"@type":"Person","@id":"https:\/\/zun-schweiz.ch\/#\/schema\/person\/ed0fab7a7b40e6d9c4deae4987dbb038","name":"Yasmin Spengler","image":{"@type":"ImageObject","inLanguage":"fr-FR","@id":"https:\/\/secure.gravatar.com\/avatar\/dfe395caa43fd21a0d123bcfd63cb144b03a96797855c9da8b81b857bbea7423?s=96&d=mm&r=g","url":"https:\/\/secure.gravatar.com\/avatar\/dfe395caa43fd21a0d123bcfd63cb144b03a96797855c9da8b81b857bbea7423?s=96&d=mm&r=g","contentUrl":"https:\/\/secure.gravatar.com\/avatar\/dfe395caa43fd21a0d123bcfd63cb144b03a96797855c9da8b81b857bbea7423?s=96&d=mm&r=g","caption":"Yasmin Spengler"},"url":"https:\/\/zun-schweiz.ch\/fr\/author\/yasmin-spengler\/"}]}},"_links":{"self":[{"href":"https:\/\/zun-schweiz.ch\/fr\/wp-json\/wp\/v2\/posts\/1961","targetHints":{"allow":["GET"]}}],"collection":[{"href":"https:\/\/zun-schweiz.ch\/fr\/wp-json\/wp\/v2\/posts"}],"about":[{"href":"https:\/\/zun-schweiz.ch\/fr\/wp-json\/wp\/v2\/types\/post"}],"author":[{"embeddable":true,"href":"https:\/\/zun-schweiz.ch\/fr\/wp-json\/wp\/v2\/users\/4"}],"replies":[{"embeddable":true,"href":"https:\/\/zun-schweiz.ch\/fr\/wp-json\/wp\/v2\/comments?post=1961"}],"version-history":[{"count":10,"href":"https:\/\/zun-schweiz.ch\/fr\/wp-json\/wp\/v2\/posts\/1961\/revisions"}],"predecessor-version":[{"id":8330,"href":"https:\/\/zun-schweiz.ch\/fr\/wp-json\/wp\/v2\/posts\/1961\/revisions\/8330"}],"wp:featuredmedia":[{"embeddable":true,"href":"https:\/\/zun-schweiz.ch\/fr\/wp-json\/wp\/v2\/media\/8336"}],"wp:attachment":[{"href":"https:\/\/zun-schweiz.ch\/fr\/wp-json\/wp\/v2\/media?parent=1961"}],"wp:term":[{"taxonomy":"category","embeddable":true,"href":"https:\/\/zun-schweiz.ch\/fr\/wp-json\/wp\/v2\/categories?post=1961"},{"taxonomy":"post_tag","embeddable":true,"href":"https:\/\/zun-schweiz.ch\/fr\/wp-json\/wp\/v2\/tags?post=1961"}],"curies":[{"name":"wp","href":"https:\/\/api.w.org\/{rel}","templated":true}]}}