{"id":6916,"date":"2024-10-30T12:46:41","date_gmt":"2024-10-30T12:46:41","guid":{"rendered":"https:\/\/zun-schweiz.ch\/assemblee-generale-2025\/"},"modified":"2025-10-12T08:57:33","modified_gmt":"2025-10-12T08:57:33","slug":"assemblee-generale-2025","status":"publish","type":"post","link":"https:\/\/zun-schweiz.ch\/fr\/assemblee-generale-2025\/","title":{"rendered":"Assembl\u00e9e g\u00e9n\u00e9rale 2025"},"content":{"rendered":"\n<div style=\"height:40px\" aria-hidden=\"true\" class=\"wp-block-spacer\"><\/div>\n\n\n\n<p>C&rsquo;est bient\u00f4t l&rsquo;heure de notre assembl\u00e9e g\u00e9n\u00e9rale annuelle et nous vous invitons \u00e0 faire ensemble le point sur les succ\u00e8s de l&rsquo;ann\u00e9e pass\u00e9e et \u00e0 faire des projets pour l&rsquo;avenir. Dans la mesure du possible, l&rsquo;assembl\u00e9e sera bilingue, en fran\u00e7ais et en allemand.<\/p>\n\n\n\n<p><strong>Mais ce n&rsquo;est pas tout : <\/strong>un temps fort particulier vous attend ! Apr\u00e8s l&rsquo;assembl\u00e9e, le grand chef <strong>Simon Schneeberger<\/strong> nous g\u00e2tera avec un chef-d&rsquo;\u0153uvre culinaire. R\u00e9jouissez-vous d&rsquo;un menu exclusif \u00e0 base de volaille, pr\u00e9par\u00e9 selon une recette traditionnelle <a href=\"https:\/\/zun-schweiz.ch\/fr\/poulet-coq-cuisiner-avec-des-poulets-a-double-usage\/\" data-type=\"link\" data-id=\"https:\/\/zun-schweiz.ch\/fr\/poulet-coq-cuisiner-avec-des-poulets-a-double-usage\/\">d&rsquo;Anna Pearson : <strong>poule &amp; coq<\/strong><\/a> \u00e0 la perfection ! Une exp\u00e9rience pour les vrais gourmets.<\/p>\n\n\n\n<p>L&rsquo;ordre du jour et le proc\u00e8s-verbal suivront.<\/p>\n\n\n\n<p><a href=\"https:\/\/www.google.ch\/maps\/dir\/\/Schule+Wald,+Schulhausstrasse+52,+3086+Englisberg\/@46.8885696,7.4614538,17z\/data=!4m9!4m8!1m0!1m5!1m1!1s0x478e4817d846fe23:0x5cd8e47f8a6e037d!2m2!1d7.4639964!2d46.8884887!3e0?entry=ttu&amp;g_ep=EgoyMDI0MTExMy4xIKXMDSoASAFQAw%3D%3D\">Calculer l&rsquo;itin\u00e9raire<\/a> en voiture jusqu&rsquo;\u00e0 l&rsquo;\u00e9cole Wald.<\/p>\n\n\n\n<p><a href=\"https:\/\/www.sbb.ch\/de?date=%222025-02-15%22&amp;moment=%22ARRIVAL%22&amp;stops=%5B%7B%22value%22%3A%22%22%2C%22label%22%3A%22%22%2C%22type%22%3A%22ID%22%7D%2C%7B%22value%22%3A%228507083%22%2C%22type%22%3A%22ID%22%2C%22label%22%3A%22K%C3%B6niz%22%7D%5D&amp;time=%2209%3A11%22\">Liaisons<\/a> vers K\u00f6niz avec les transports publics.<\/p>\n\n\n\n<p>Nous serions ravis d&rsquo;organiser un covoiturage depuis la gare de K\u00f6niz. Merci d&rsquo;indiquer si vous arrivez en TP ou non.<\/p>\n\n\n\n<iframe\nsrc=\"https:\/\/zunschweiz.webling.ch\/forms\/memberform\/fb1a579b1e5ad2eb03d5\"\nframeborder=\"0\"\nstyle=\"overflow: hidden; min-height: 1000px; width: 100%\"\nheight=\"100%\"\nwidth=\"100%\"\n><\/iframe>\n","protected":false},"excerpt":{"rendered":"<p>L&rsquo;Assembl\u00e9e g\u00e9n\u00e9rale 2025 aura lieu le 15 f\u00e9vrier 2025.<\/p>\n","protected":false},"author":4,"featured_media":9138,"comment_status":"open","ping_status":"open","sticky":false,"template":"","format":"standard","meta":{"_acf_changed":false,"_monsterinsights_skip_tracking":false,"_monsterinsights_sitenote_active":false,"_monsterinsights_sitenote_note":"","_monsterinsights_sitenote_category":0,"footnotes":""},"categories":[122,54],"tags":[58],"class_list":["post-6916","post","type-post","status-publish","format-standard","has-post-thumbnail","hentry","category-association","category-evenements","tag-home-main-event"],"acf":[],"yoast_head":"<!-- This site is optimized with the Yoast SEO plugin v27.4 - https:\/\/yoast.com\/product\/yoast-seo-wordpress\/ -->\r\n<title>Assembl\u00e9e g\u00e9n\u00e9rale 2025 - ZUN Schweiz<\/title>\r\n<meta name=\"description\" content=\"Unser Bestreben ist es, die genetische Vielfalt der Schweizer Nutzgefl\u00fcgelrassen als Teil des Kulturerbes der Schweiz durch artgerechte Erhaltungszucht zu bewahren. Wir stellen unseren Mitgliedern nicht nur Fachwissen und Netzwerk zur Verf\u00fcgung, sondern unterst\u00fctzen die Zucht auch aktiv. Gemeinsam sensibilisieren wir die Bev\u00f6lkerung f\u00fcr einen bewussten und respektvollen Umgang mit Natur und Tier.\" \/>\r\n<meta name=\"robots\" content=\"index, follow, max-snippet:-1, max-image-preview:large, max-video-preview:-1\" \/>\r\n<link rel=\"canonical\" href=\"https:\/\/zun-schweiz.ch\/mv-2025\/\" \/>\r\n<meta property=\"og:locale\" content=\"fr_FR\" \/>\r\n<meta property=\"og:type\" content=\"article\" \/>\r\n<meta property=\"og:title\" content=\"Assembl\u00e9e g\u00e9n\u00e9rale 2025 - ZUN Schweiz\" \/>\r\n<meta property=\"og:description\" content=\"Unser Bestreben ist es, die genetische Vielfalt der Schweizer Nutzgefl\u00fcgelrassen als Teil des Kulturerbes der Schweiz durch artgerechte Erhaltungszucht zu bewahren. Wir stellen unseren Mitgliedern nicht nur Fachwissen und Netzwerk zur Verf\u00fcgung, sondern unterst\u00fctzen die Zucht auch aktiv. Gemeinsam sensibilisieren wir die Bev\u00f6lkerung f\u00fcr einen bewussten und respektvollen Umgang mit Natur und Tier.\" \/>\r\n<meta property=\"og:url\" content=\"https:\/\/zun-schweiz.ch\/mv-2025\/\" \/>\r\n<meta property=\"og:site_name\" content=\"ZUN Schweiz\" \/>\r\n<meta property=\"article:publisher\" content=\"https:\/\/www.facebook.com\/zunschweiz.ch\/\" \/>\r\n<meta property=\"article:published_time\" content=\"2024-10-30T12:46:41+00:00\" \/>\r\n<meta property=\"article:modified_time\" content=\"2025-10-12T08:57:33+00:00\" \/>\r\n<meta property=\"og:image\" content=\"https:\/\/zun-schweiz.ch\/wp-content\/uploads\/2024\/10\/WhatsApp-Image-2025-02-15-at-19.45.32-2.jpeg\" \/>\r\n\t<meta property=\"og:image:width\" content=\"1600\" \/>\r\n\t<meta property=\"og:image:height\" content=\"1200\" \/>\r\n\t<meta property=\"og:image:type\" content=\"image\/jpeg\" \/>\r\n<meta name=\"author\" content=\"Yasmin Spengler\" \/>\r\n<meta name=\"twitter:card\" content=\"summary_large_image\" \/>\r\n<meta name=\"twitter:label1\" content=\"\u00c9crit par\" \/>\n\t<meta name=\"twitter:data1\" content=\"Yasmin Spengler\" \/>\n\t<meta name=\"twitter:label2\" content=\"Dur\u00e9e de lecture estim\u00e9e\" \/>\n\t<meta name=\"twitter:data2\" content=\"1 minute\" \/>\r\n<script type=\"application\/ld+json\" class=\"yoast-schema-graph\">{\"@context\":\"https:\\\/\\\/schema.org\",\"@graph\":[{\"@type\":\"Article\",\"@id\":\"https:\\\/\\\/zun-schweiz.ch\\\/mv-2025\\\/#article\",\"isPartOf\":{\"@id\":\"https:\\\/\\\/zun-schweiz.ch\\\/mv-2025\\\/\"},\"author\":{\"name\":\"Yasmin Spengler\",\"@id\":\"https:\\\/\\\/zun-schweiz.ch\\\/#\\\/schema\\\/person\\\/ed0fab7a7b40e6d9c4deae4987dbb038\"},\"headline\":\"Assembl\u00e9e g\u00e9n\u00e9rale 2025\",\"datePublished\":\"2024-10-30T12:46:41+00:00\",\"dateModified\":\"2025-10-12T08:57:33+00:00\",\"mainEntityOfPage\":{\"@id\":\"https:\\\/\\\/zun-schweiz.ch\\\/mv-2025\\\/\"},\"wordCount\":170,\"commentCount\":0,\"publisher\":{\"@id\":\"https:\\\/\\\/zun-schweiz.ch\\\/#organization\"},\"image\":{\"@id\":\"https:\\\/\\\/zun-schweiz.ch\\\/mv-2025\\\/#primaryimage\"},\"thumbnailUrl\":\"https:\\\/\\\/zun-schweiz.ch\\\/wp-content\\\/uploads\\\/2024\\\/10\\\/WhatsApp-Image-2025-02-15-at-19.45.32-2.jpeg\",\"keywords\":[\"home-main-event\"],\"articleSection\":[\"Association\",\"\u00c9v\u00e9nements\"],\"inLanguage\":\"fr-FR\",\"potentialAction\":[{\"@type\":\"CommentAction\",\"name\":\"Comment\",\"target\":[\"https:\\\/\\\/zun-schweiz.ch\\\/mv-2025\\\/#respond\"]}]},{\"@type\":\"WebPage\",\"@id\":\"https:\\\/\\\/zun-schweiz.ch\\\/mv-2025\\\/\",\"url\":\"https:\\\/\\\/zun-schweiz.ch\\\/mv-2025\\\/\",\"name\":\"Assembl\u00e9e g\u00e9n\u00e9rale 2025 - ZUN Schweiz\",\"isPartOf\":{\"@id\":\"https:\\\/\\\/zun-schweiz.ch\\\/#website\"},\"primaryImageOfPage\":{\"@id\":\"https:\\\/\\\/zun-schweiz.ch\\\/mv-2025\\\/#primaryimage\"},\"image\":{\"@id\":\"https:\\\/\\\/zun-schweiz.ch\\\/mv-2025\\\/#primaryimage\"},\"thumbnailUrl\":\"https:\\\/\\\/zun-schweiz.ch\\\/wp-content\\\/uploads\\\/2024\\\/10\\\/WhatsApp-Image-2025-02-15-at-19.45.32-2.jpeg\",\"datePublished\":\"2024-10-30T12:46:41+00:00\",\"dateModified\":\"2025-10-12T08:57:33+00:00\",\"description\":\"Unser Bestreben ist es, die genetische Vielfalt der Schweizer Nutzgefl\u00fcgelrassen als Teil des Kulturerbes der Schweiz durch artgerechte Erhaltungszucht zu bewahren. Wir stellen unseren Mitgliedern nicht nur Fachwissen und Netzwerk zur Verf\u00fcgung, sondern unterst\u00fctzen die Zucht auch aktiv. Gemeinsam sensibilisieren wir die Bev\u00f6lkerung f\u00fcr einen bewussten und respektvollen Umgang mit Natur und Tier.\",\"breadcrumb\":{\"@id\":\"https:\\\/\\\/zun-schweiz.ch\\\/mv-2025\\\/#breadcrumb\"},\"inLanguage\":\"fr-FR\",\"potentialAction\":[{\"@type\":\"ReadAction\",\"target\":[\"https:\\\/\\\/zun-schweiz.ch\\\/mv-2025\\\/\"]}]},{\"@type\":\"ImageObject\",\"inLanguage\":\"fr-FR\",\"@id\":\"https:\\\/\\\/zun-schweiz.ch\\\/mv-2025\\\/#primaryimage\",\"url\":\"https:\\\/\\\/zun-schweiz.ch\\\/wp-content\\\/uploads\\\/2024\\\/10\\\/WhatsApp-Image-2025-02-15-at-19.45.32-2.jpeg\",\"contentUrl\":\"https:\\\/\\\/zun-schweiz.ch\\\/wp-content\\\/uploads\\\/2024\\\/10\\\/WhatsApp-Image-2025-02-15-at-19.45.32-2.jpeg\",\"width\":1600,\"height\":1200},{\"@type\":\"BreadcrumbList\",\"@id\":\"https:\\\/\\\/zun-schweiz.ch\\\/mv-2025\\\/#breadcrumb\",\"itemListElement\":[{\"@type\":\"ListItem\",\"position\":1,\"name\":\"Startseite\",\"item\":\"https:\\\/\\\/zun-schweiz.ch\\\/fr\\\/accueil\\\/\"},{\"@type\":\"ListItem\",\"position\":2,\"name\":\"Assembl\u00e9e g\u00e9n\u00e9rale 2025\"}]},{\"@type\":\"WebSite\",\"@id\":\"https:\\\/\\\/zun-schweiz.ch\\\/#website\",\"url\":\"https:\\\/\\\/zun-schweiz.ch\\\/\",\"name\":\"ZUN Schweiz\",\"description\":\"\",\"publisher\":{\"@id\":\"https:\\\/\\\/zun-schweiz.ch\\\/#organization\"},\"potentialAction\":[{\"@type\":\"SearchAction\",\"target\":{\"@type\":\"EntryPoint\",\"urlTemplate\":\"https:\\\/\\\/zun-schweiz.ch\\\/?s={search_term_string}\"},\"query-input\":{\"@type\":\"PropertyValueSpecification\",\"valueRequired\":true,\"valueName\":\"search_term_string\"}}],\"inLanguage\":\"fr-FR\"},{\"@type\":\"Organization\",\"@id\":\"https:\\\/\\\/zun-schweiz.ch\\\/#organization\",\"name\":\"ZUN Schweiz\",\"url\":\"https:\\\/\\\/zun-schweiz.ch\\\/\",\"logo\":{\"@type\":\"ImageObject\",\"inLanguage\":\"fr-FR\",\"@id\":\"https:\\\/\\\/zun-schweiz.ch\\\/#\\\/schema\\\/logo\\\/image\\\/\",\"url\":\"https:\\\/\\\/zun-schweiz.ch\\\/wp-content\\\/uploads\\\/2023\\\/11\\\/zun_091031_cmyk-07.jpg\",\"contentUrl\":\"https:\\\/\\\/zun-schweiz.ch\\\/wp-content\\\/uploads\\\/2023\\\/11\\\/zun_091031_cmyk-07.jpg\",\"width\":2378,\"height\":820,\"caption\":\"ZUN Schweiz\"},\"image\":{\"@id\":\"https:\\\/\\\/zun-schweiz.ch\\\/#\\\/schema\\\/logo\\\/image\\\/\"},\"sameAs\":[\"https:\\\/\\\/www.facebook.com\\\/zunschweiz.ch\\\/\",\"https:\\\/\\\/www.instagram.com\\\/zun_schweiz\\\/?hl=en\"]},{\"@type\":\"Person\",\"@id\":\"https:\\\/\\\/zun-schweiz.ch\\\/#\\\/schema\\\/person\\\/ed0fab7a7b40e6d9c4deae4987dbb038\",\"name\":\"Yasmin Spengler\",\"image\":{\"@type\":\"ImageObject\",\"inLanguage\":\"fr-FR\",\"@id\":\"https:\\\/\\\/secure.gravatar.com\\\/avatar\\\/dfe395caa43fd21a0d123bcfd63cb144b03a96797855c9da8b81b857bbea7423?s=96&d=mm&r=g\",\"url\":\"https:\\\/\\\/secure.gravatar.com\\\/avatar\\\/dfe395caa43fd21a0d123bcfd63cb144b03a96797855c9da8b81b857bbea7423?s=96&d=mm&r=g\",\"contentUrl\":\"https:\\\/\\\/secure.gravatar.com\\\/avatar\\\/dfe395caa43fd21a0d123bcfd63cb144b03a96797855c9da8b81b857bbea7423?s=96&d=mm&r=g\",\"caption\":\"Yasmin Spengler\"},\"url\":\"https:\\\/\\\/zun-schweiz.ch\\\/fr\\\/author\\\/yasmin-spengler\\\/\"}]}<\/script>\r\n<!-- \/ Yoast SEO plugin. -->","yoast_head_json":{"title":"Assembl\u00e9e g\u00e9n\u00e9rale 2025 - ZUN Schweiz","description":"Unser Bestreben ist es, die genetische Vielfalt der Schweizer Nutzgefl\u00fcgelrassen als Teil des Kulturerbes der Schweiz durch artgerechte Erhaltungszucht zu bewahren. Wir stellen unseren Mitgliedern nicht nur Fachwissen und Netzwerk zur Verf\u00fcgung, sondern unterst\u00fctzen die Zucht auch aktiv. Gemeinsam sensibilisieren wir die Bev\u00f6lkerung f\u00fcr einen bewussten und respektvollen Umgang mit Natur und Tier.","robots":{"index":"index","follow":"follow","max-snippet":"max-snippet:-1","max-image-preview":"max-image-preview:large","max-video-preview":"max-video-preview:-1"},"canonical":"https:\/\/zun-schweiz.ch\/mv-2025\/","og_locale":"fr_FR","og_type":"article","og_title":"Assembl\u00e9e g\u00e9n\u00e9rale 2025 - ZUN Schweiz","og_description":"Unser Bestreben ist es, die genetische Vielfalt der Schweizer Nutzgefl\u00fcgelrassen als Teil des Kulturerbes der Schweiz durch artgerechte Erhaltungszucht zu bewahren. Wir stellen unseren Mitgliedern nicht nur Fachwissen und Netzwerk zur Verf\u00fcgung, sondern unterst\u00fctzen die Zucht auch aktiv. Gemeinsam sensibilisieren wir die Bev\u00f6lkerung f\u00fcr einen bewussten und respektvollen Umgang mit Natur und Tier.","og_url":"https:\/\/zun-schweiz.ch\/mv-2025\/","og_site_name":"ZUN Schweiz","article_publisher":"https:\/\/www.facebook.com\/zunschweiz.ch\/","article_published_time":"2024-10-30T12:46:41+00:00","article_modified_time":"2025-10-12T08:57:33+00:00","og_image":[{"width":1600,"height":1200,"url":"https:\/\/zun-schweiz.ch\/wp-content\/uploads\/2024\/10\/WhatsApp-Image-2025-02-15-at-19.45.32-2.jpeg","type":"image\/jpeg"}],"author":"Yasmin Spengler","twitter_card":"summary_large_image","twitter_misc":{"\u00c9crit par":"Yasmin Spengler","Dur\u00e9e de lecture estim\u00e9e":"1 minute"},"schema":{"@context":"https:\/\/schema.org","@graph":[{"@type":"Article","@id":"https:\/\/zun-schweiz.ch\/mv-2025\/#article","isPartOf":{"@id":"https:\/\/zun-schweiz.ch\/mv-2025\/"},"author":{"name":"Yasmin Spengler","@id":"https:\/\/zun-schweiz.ch\/#\/schema\/person\/ed0fab7a7b40e6d9c4deae4987dbb038"},"headline":"Assembl\u00e9e g\u00e9n\u00e9rale 2025","datePublished":"2024-10-30T12:46:41+00:00","dateModified":"2025-10-12T08:57:33+00:00","mainEntityOfPage":{"@id":"https:\/\/zun-schweiz.ch\/mv-2025\/"},"wordCount":170,"commentCount":0,"publisher":{"@id":"https:\/\/zun-schweiz.ch\/#organization"},"image":{"@id":"https:\/\/zun-schweiz.ch\/mv-2025\/#primaryimage"},"thumbnailUrl":"https:\/\/zun-schweiz.ch\/wp-content\/uploads\/2024\/10\/WhatsApp-Image-2025-02-15-at-19.45.32-2.jpeg","keywords":["home-main-event"],"articleSection":["Association","\u00c9v\u00e9nements"],"inLanguage":"fr-FR","potentialAction":[{"@type":"CommentAction","name":"Comment","target":["https:\/\/zun-schweiz.ch\/mv-2025\/#respond"]}]},{"@type":"WebPage","@id":"https:\/\/zun-schweiz.ch\/mv-2025\/","url":"https:\/\/zun-schweiz.ch\/mv-2025\/","name":"Assembl\u00e9e g\u00e9n\u00e9rale 2025 - ZUN Schweiz","isPartOf":{"@id":"https:\/\/zun-schweiz.ch\/#website"},"primaryImageOfPage":{"@id":"https:\/\/zun-schweiz.ch\/mv-2025\/#primaryimage"},"image":{"@id":"https:\/\/zun-schweiz.ch\/mv-2025\/#primaryimage"},"thumbnailUrl":"https:\/\/zun-schweiz.ch\/wp-content\/uploads\/2024\/10\/WhatsApp-Image-2025-02-15-at-19.45.32-2.jpeg","datePublished":"2024-10-30T12:46:41+00:00","dateModified":"2025-10-12T08:57:33+00:00","description":"Unser Bestreben ist es, die genetische Vielfalt der Schweizer Nutzgefl\u00fcgelrassen als Teil des Kulturerbes der Schweiz durch artgerechte Erhaltungszucht zu bewahren. Wir stellen unseren Mitgliedern nicht nur Fachwissen und Netzwerk zur Verf\u00fcgung, sondern unterst\u00fctzen die Zucht auch aktiv. Gemeinsam sensibilisieren wir die Bev\u00f6lkerung f\u00fcr einen bewussten und respektvollen Umgang mit Natur und Tier.","breadcrumb":{"@id":"https:\/\/zun-schweiz.ch\/mv-2025\/#breadcrumb"},"inLanguage":"fr-FR","potentialAction":[{"@type":"ReadAction","target":["https:\/\/zun-schweiz.ch\/mv-2025\/"]}]},{"@type":"ImageObject","inLanguage":"fr-FR","@id":"https:\/\/zun-schweiz.ch\/mv-2025\/#primaryimage","url":"https:\/\/zun-schweiz.ch\/wp-content\/uploads\/2024\/10\/WhatsApp-Image-2025-02-15-at-19.45.32-2.jpeg","contentUrl":"https:\/\/zun-schweiz.ch\/wp-content\/uploads\/2024\/10\/WhatsApp-Image-2025-02-15-at-19.45.32-2.jpeg","width":1600,"height":1200},{"@type":"BreadcrumbList","@id":"https:\/\/zun-schweiz.ch\/mv-2025\/#breadcrumb","itemListElement":[{"@type":"ListItem","position":1,"name":"Startseite","item":"https:\/\/zun-schweiz.ch\/fr\/accueil\/"},{"@type":"ListItem","position":2,"name":"Assembl\u00e9e g\u00e9n\u00e9rale 2025"}]},{"@type":"WebSite","@id":"https:\/\/zun-schweiz.ch\/#website","url":"https:\/\/zun-schweiz.ch\/","name":"ZUN Schweiz","description":"","publisher":{"@id":"https:\/\/zun-schweiz.ch\/#organization"},"potentialAction":[{"@type":"SearchAction","target":{"@type":"EntryPoint","urlTemplate":"https:\/\/zun-schweiz.ch\/?s={search_term_string}"},"query-input":{"@type":"PropertyValueSpecification","valueRequired":true,"valueName":"search_term_string"}}],"inLanguage":"fr-FR"},{"@type":"Organization","@id":"https:\/\/zun-schweiz.ch\/#organization","name":"ZUN Schweiz","url":"https:\/\/zun-schweiz.ch\/","logo":{"@type":"ImageObject","inLanguage":"fr-FR","@id":"https:\/\/zun-schweiz.ch\/#\/schema\/logo\/image\/","url":"https:\/\/zun-schweiz.ch\/wp-content\/uploads\/2023\/11\/zun_091031_cmyk-07.jpg","contentUrl":"https:\/\/zun-schweiz.ch\/wp-content\/uploads\/2023\/11\/zun_091031_cmyk-07.jpg","width":2378,"height":820,"caption":"ZUN Schweiz"},"image":{"@id":"https:\/\/zun-schweiz.ch\/#\/schema\/logo\/image\/"},"sameAs":["https:\/\/www.facebook.com\/zunschweiz.ch\/","https:\/\/www.instagram.com\/zun_schweiz\/?hl=en"]},{"@type":"Person","@id":"https:\/\/zun-schweiz.ch\/#\/schema\/person\/ed0fab7a7b40e6d9c4deae4987dbb038","name":"Yasmin Spengler","image":{"@type":"ImageObject","inLanguage":"fr-FR","@id":"https:\/\/secure.gravatar.com\/avatar\/dfe395caa43fd21a0d123bcfd63cb144b03a96797855c9da8b81b857bbea7423?s=96&d=mm&r=g","url":"https:\/\/secure.gravatar.com\/avatar\/dfe395caa43fd21a0d123bcfd63cb144b03a96797855c9da8b81b857bbea7423?s=96&d=mm&r=g","contentUrl":"https:\/\/secure.gravatar.com\/avatar\/dfe395caa43fd21a0d123bcfd63cb144b03a96797855c9da8b81b857bbea7423?s=96&d=mm&r=g","caption":"Yasmin Spengler"},"url":"https:\/\/zun-schweiz.ch\/fr\/author\/yasmin-spengler\/"}]}},"_links":{"self":[{"href":"https:\/\/zun-schweiz.ch\/fr\/wp-json\/wp\/v2\/posts\/6916","targetHints":{"allow":["GET"]}}],"collection":[{"href":"https:\/\/zun-schweiz.ch\/fr\/wp-json\/wp\/v2\/posts"}],"about":[{"href":"https:\/\/zun-schweiz.ch\/fr\/wp-json\/wp\/v2\/types\/post"}],"author":[{"embeddable":true,"href":"https:\/\/zun-schweiz.ch\/fr\/wp-json\/wp\/v2\/users\/4"}],"replies":[{"embeddable":true,"href":"https:\/\/zun-schweiz.ch\/fr\/wp-json\/wp\/v2\/comments?post=6916"}],"version-history":[{"count":4,"href":"https:\/\/zun-schweiz.ch\/fr\/wp-json\/wp\/v2\/posts\/6916\/revisions"}],"predecessor-version":[{"id":7543,"href":"https:\/\/zun-schweiz.ch\/fr\/wp-json\/wp\/v2\/posts\/6916\/revisions\/7543"}],"wp:featuredmedia":[{"embeddable":true,"href":"https:\/\/zun-schweiz.ch\/fr\/wp-json\/wp\/v2\/media\/9138"}],"wp:attachment":[{"href":"https:\/\/zun-schweiz.ch\/fr\/wp-json\/wp\/v2\/media?parent=6916"}],"wp:term":[{"taxonomy":"category","embeddable":true,"href":"https:\/\/zun-schweiz.ch\/fr\/wp-json\/wp\/v2\/categories?post=6916"},{"taxonomy":"post_tag","embeddable":true,"href":"https:\/\/zun-schweiz.ch\/fr\/wp-json\/wp\/v2\/tags?post=6916"}],"curies":[{"name":"wp","href":"https:\/\/api.w.org\/{rel}","templated":true}]}}