{"id":2422,"date":"2023-11-08T12:38:27","date_gmt":"2023-11-08T12:38:27","guid":{"rendered":"https:\/\/2024.zun-schweiz.ch\/2023\/11\/08\/gallina-svizzera\/"},"modified":"2024-02-15T12:35:13","modified_gmt":"2024-02-15T12:35:13","slug":"gallina-svizzera","status":"publish","type":"post","link":"https:\/\/zun-schweiz.ch\/it\/gallina-svizzera\/","title":{"rendered":"Gallina svizzera"},"content":{"rendered":"\n<figure class=\"wp-block-video\"><video height=\"1080\" style=\"aspect-ratio: 1920 \/ 1080;\" width=\"1920\" autoplay=\"\" controls=\"\" loop=\"\" muted=\"\" src=\"https:\/\/zun-schweiz.ch\/wp-content\/uploads\/2024\/02\/IMG_9615.mp4\"><\/video><\/figure>\n\n<div style=\"height:51px\" aria-hidden=\"true\" class=\"wp-block-spacer\"><\/div>\n\n<p><strong>Il pollo svizzero, felice e orgoglioso, convince per l&#8217;eccellente qualit\u00e0 della carne e le buone prestazioni di deposizione delle uova.<\/strong><br\/><br\/>Nei colori nazionali &#8211; piumaggio bianco come la neve e pettine rosso intenso &#8211; il pollo svizzero si presenta come una razza orgogliosa. Con i loro pettini rosa compatti e resistenti al gelo e i piccoli bargigli, questi animali si sentono a casa alle nostre latitudini. Nel 1991, ProSpecieRara ha trovato solo pochi allevatori che ancora allevavano la vecchia razza svizzera. Oggi, il classico e orgoglioso &#8220;pollo self-catering&#8221; sta vivendo una rinascita di popolarit\u00e0.<\/p>\n\n<div style=\"height:51px\" aria-hidden=\"true\" class=\"wp-block-spacer\"><\/div>\n\n<figure class=\"wp-block-gallery has-nested-images columns-default is-cropped wp-block-gallery-1 is-layout-flex wp-block-gallery-is-layout-flex\">\n<figure class=\"wp-block-image size-large\"><img fetchpriority=\"high\" decoding=\"async\" width=\"1024\" height=\"684\" data-id=\"1215\" src=\"https:\/\/zun-schweiz.ch\/wp-content\/uploads\/2024\/01\/DSC00117-1024x684.jpg\" alt=\"\" class=\"wp-image-1215\" srcset=\"https:\/\/zun-schweiz.ch\/wp-content\/uploads\/2024\/01\/DSC00117-1024x684.jpg 1024w, https:\/\/zun-schweiz.ch\/wp-content\/uploads\/2024\/01\/DSC00117-300x200.jpg 300w, https:\/\/zun-schweiz.ch\/wp-content\/uploads\/2024\/01\/DSC00117-768x513.jpg 768w, https:\/\/zun-schweiz.ch\/wp-content\/uploads\/2024\/01\/DSC00117-1536x1026.jpg 1536w, https:\/\/zun-schweiz.ch\/wp-content\/uploads\/2024\/01\/DSC00117-2048x1368.jpg 2048w\" sizes=\"(max-width: 1024px) 100vw, 1024px\" \/><\/figure>\n\n\n\n<figure class=\"wp-block-image size-large\"><img decoding=\"async\" width=\"1024\" height=\"683\" data-id=\"2258\" src=\"https:\/\/zun-schweiz.ch\/wp-content\/uploads\/2023\/11\/Schweizerhuhn_Brut_Kueken_2014_-1024x683.jpg\" alt=\"\" class=\"wp-image-2258\" srcset=\"https:\/\/zun-schweiz.ch\/wp-content\/uploads\/2023\/11\/Schweizerhuhn_Brut_Kueken_2014_-1024x683.jpg 1024w, https:\/\/zun-schweiz.ch\/wp-content\/uploads\/2023\/11\/Schweizerhuhn_Brut_Kueken_2014_-300x200.jpg 300w, https:\/\/zun-schweiz.ch\/wp-content\/uploads\/2023\/11\/Schweizerhuhn_Brut_Kueken_2014_-768x512.jpg 768w, https:\/\/zun-schweiz.ch\/wp-content\/uploads\/2023\/11\/Schweizerhuhn_Brut_Kueken_2014_-1536x1024.jpg 1536w, https:\/\/zun-schweiz.ch\/wp-content\/uploads\/2023\/11\/Schweizerhuhn_Brut_Kueken_2014_-2048x1365.jpg 2048w\" sizes=\"(max-width: 1024px) 100vw, 1024px\" \/><\/figure>\n\n\n\n<figure class=\"wp-block-image size-large\"><img decoding=\"async\" width=\"1024\" height=\"683\" data-id=\"2260\" src=\"https:\/\/zun-schweiz.ch\/wp-content\/uploads\/2023\/11\/P32214_118966_CH_Schweizerhuhn_Hahn_und_Hene_3-1024x683.jpg\" alt=\"\" class=\"wp-image-2260\" srcset=\"https:\/\/zun-schweiz.ch\/wp-content\/uploads\/2023\/11\/P32214_118966_CH_Schweizerhuhn_Hahn_und_Hene_3-1024x683.jpg 1024w, https:\/\/zun-schweiz.ch\/wp-content\/uploads\/2023\/11\/P32214_118966_CH_Schweizerhuhn_Hahn_und_Hene_3-300x200.jpg 300w, https:\/\/zun-schweiz.ch\/wp-content\/uploads\/2023\/11\/P32214_118966_CH_Schweizerhuhn_Hahn_und_Hene_3-768x512.jpg 768w, https:\/\/zun-schweiz.ch\/wp-content\/uploads\/2023\/11\/P32214_118966_CH_Schweizerhuhn_Hahn_und_Hene_3-1536x1024.jpg 1536w, https:\/\/zun-schweiz.ch\/wp-content\/uploads\/2023\/11\/P32214_118966_CH_Schweizerhuhn_Hahn_und_Hene_3-2048x1366.jpg 2048w\" sizes=\"(max-width: 1024px) 100vw, 1024px\" \/><\/figure>\n\n\n\n<figure class=\"wp-block-image size-large\"><img loading=\"lazy\" decoding=\"async\" width=\"750\" height=\"1000\" data-id=\"2262\" src=\"https:\/\/zun-schweiz.ch\/wp-content\/uploads\/2023\/11\/654F36C8-E93B-4130-A207-EA8CE0405106.jpg\" alt=\"\" class=\"wp-image-2262\" srcset=\"https:\/\/zun-schweiz.ch\/wp-content\/uploads\/2023\/11\/654F36C8-E93B-4130-A207-EA8CE0405106.jpg 750w, https:\/\/zun-schweiz.ch\/wp-content\/uploads\/2023\/11\/654F36C8-E93B-4130-A207-EA8CE0405106-225x300.jpg 225w\" sizes=\"(max-width: 750px) 100vw, 750px\" \/><\/figure>\n\n\n\n<figure class=\"wp-block-image size-large\"><img loading=\"lazy\" decoding=\"async\" width=\"1024\" height=\"684\" data-id=\"1828\" src=\"https:\/\/zun-schweiz.ch\/wp-content\/uploads\/2023\/11\/DSC00103-1024x684.jpg\" alt=\"\" class=\"wp-image-1828\" srcset=\"https:\/\/zun-schweiz.ch\/wp-content\/uploads\/2023\/11\/DSC00103-1024x684.jpg 1024w, https:\/\/zun-schweiz.ch\/wp-content\/uploads\/2023\/11\/DSC00103-300x200.jpg 300w, https:\/\/zun-schweiz.ch\/wp-content\/uploads\/2023\/11\/DSC00103-768x513.jpg 768w, https:\/\/zun-schweiz.ch\/wp-content\/uploads\/2023\/11\/DSC00103-1536x1026.jpg 1536w, https:\/\/zun-schweiz.ch\/wp-content\/uploads\/2023\/11\/DSC00103-2048x1368.jpg 2048w\" sizes=\"(max-width: 1024px) 100vw, 1024px\" \/><\/figure>\n\n\n\n<figure class=\"wp-block-image size-full\"><img loading=\"lazy\" decoding=\"async\" width=\"1078\" height=\"1500\" data-id=\"2264\" src=\"https:\/\/zun-schweiz.ch\/wp-content\/uploads\/2023\/11\/Emily-Brand-for-Alpe-Soladino_55.jpg\" alt=\"\" class=\"wp-image-2264\" srcset=\"https:\/\/zun-schweiz.ch\/wp-content\/uploads\/2023\/11\/Emily-Brand-for-Alpe-Soladino_55.jpg 1078w, https:\/\/zun-schweiz.ch\/wp-content\/uploads\/2023\/11\/Emily-Brand-for-Alpe-Soladino_55-216x300.jpg 216w, https:\/\/zun-schweiz.ch\/wp-content\/uploads\/2023\/11\/Emily-Brand-for-Alpe-Soladino_55-736x1024.jpg 736w, https:\/\/zun-schweiz.ch\/wp-content\/uploads\/2023\/11\/Emily-Brand-for-Alpe-Soladino_55-768x1069.jpg 768w\" sizes=\"(max-width: 1078px) 100vw, 1078px\" \/><\/figure>\n<\/figure>\n","protected":false},"excerpt":{"rendered":"<p>Il pollo svizzero, felice e orgoglioso, convince per l&#8217;eccellente qualit\u00e0 della carne e le buone prestazioni di deposizione delle uova. Nei colori nazionali &#8211; piumaggio bianco come la neve e pettine rosso intenso &#8211; il pollo svizzero si presenta come una razza orgogliosa. Con i loro pettini rosa compatti e resistenti al gelo e i [&hellip;]<\/p>\n","protected":false},"author":1,"featured_media":2383,"comment_status":"open","ping_status":"open","sticky":false,"template":"","format":"standard","meta":{"_acf_changed":false,"_monsterinsights_skip_tracking":false,"_monsterinsights_sitenote_active":false,"_monsterinsights_sitenote_note":"","_monsterinsights_sitenote_category":0,"footnotes":""},"categories":[75],"tags":[77],"class_list":["post-2422","post","type-post","status-publish","format-standard","has-post-thumbnail","hentry","category-animali","tag-livello-1"],"acf":[],"yoast_head":"<!-- This site is optimized with the Yoast SEO plugin v27.4 - https:\/\/yoast.com\/product\/yoast-seo-wordpress\/ -->\r\n<title>Gallina svizzera - ZUN Schweiz<\/title>\r\n<meta name=\"description\" content=\"Unser Bestreben ist es, die genetische Vielfalt der Schweizer Nutzgefl\u00fcgelrassen als Teil des Kulturerbes der Schweiz durch artgerechte Erhaltungszucht zu bewahren. Wir stellen unseren Mitgliedern nicht nur Fachwissen und Netzwerk zur Verf\u00fcgung, sondern unterst\u00fctzen die Zucht auch aktiv. Gemeinsam sensibilisieren wir die Bev\u00f6lkerung f\u00fcr einen bewussten und respektvollen Umgang mit Natur und Tier.\" \/>\r\n<meta name=\"robots\" content=\"index, follow, max-snippet:-1, max-image-preview:large, max-video-preview:-1\" \/>\r\n<link rel=\"canonical\" href=\"https:\/\/zun-schweiz.ch\/it\/gallina-svizzera\/\" \/>\r\n<meta property=\"og:locale\" content=\"it_IT\" \/>\r\n<meta property=\"og:type\" content=\"article\" \/>\r\n<meta property=\"og:title\" content=\"Gallina svizzera - ZUN Schweiz\" \/>\r\n<meta property=\"og:description\" content=\"Unser Bestreben ist es, die genetische Vielfalt der Schweizer Nutzgefl\u00fcgelrassen als Teil des Kulturerbes der Schweiz durch artgerechte Erhaltungszucht zu bewahren. Wir stellen unseren Mitgliedern nicht nur Fachwissen und Netzwerk zur Verf\u00fcgung, sondern unterst\u00fctzen die Zucht auch aktiv. Gemeinsam sensibilisieren wir die Bev\u00f6lkerung f\u00fcr einen bewussten und respektvollen Umgang mit Natur und Tier.\" \/>\r\n<meta property=\"og:url\" content=\"https:\/\/zun-schweiz.ch\/it\/gallina-svizzera\/\" \/>\r\n<meta property=\"og:site_name\" content=\"ZUN Schweiz\" \/>\r\n<meta property=\"article:publisher\" content=\"https:\/\/www.facebook.com\/zunschweiz.ch\/\" \/>\r\n<meta property=\"article:published_time\" content=\"2023-11-08T12:38:27+00:00\" \/>\r\n<meta property=\"article:modified_time\" content=\"2024-02-15T12:35:13+00:00\" \/>\r\n<meta property=\"og:image\" content=\"https:\/\/zun-schweiz.ch\/wp-content\/uploads\/2024\/01\/DSC00097-scaled-e1707248831603.jpg\" \/>\r\n\t<meta property=\"og:image:width\" content=\"2560\" \/>\r\n\t<meta property=\"og:image:height\" content=\"1143\" \/>\r\n\t<meta property=\"og:image:type\" content=\"image\/jpeg\" \/>\r\n<meta name=\"author\" content=\"admin\" \/>\r\n<meta name=\"twitter:card\" content=\"summary_large_image\" \/>\r\n<meta name=\"twitter:label1\" content=\"Scritto da\" \/>\n\t<meta name=\"twitter:data1\" content=\"admin\" \/>\r\n<script type=\"application\/ld+json\" class=\"yoast-schema-graph\">{\"@context\":\"https:\\\/\\\/schema.org\",\"@graph\":[{\"@type\":\"Article\",\"@id\":\"https:\\\/\\\/zun-schweiz.ch\\\/it\\\/gallina-svizzera\\\/#article\",\"isPartOf\":{\"@id\":\"https:\\\/\\\/zun-schweiz.ch\\\/it\\\/gallina-svizzera\\\/\"},\"author\":{\"name\":\"admin\",\"@id\":\"https:\\\/\\\/zun-schweiz.ch\\\/#\\\/schema\\\/person\\\/cd4986364ffbe3e7df6498c8ce89e934\"},\"headline\":\"Gallina svizzera\",\"datePublished\":\"2023-11-08T12:38:27+00:00\",\"dateModified\":\"2024-02-15T12:35:13+00:00\",\"mainEntityOfPage\":{\"@id\":\"https:\\\/\\\/zun-schweiz.ch\\\/it\\\/gallina-svizzera\\\/\"},\"wordCount\":96,\"commentCount\":0,\"publisher\":{\"@id\":\"https:\\\/\\\/zun-schweiz.ch\\\/#organization\"},\"image\":{\"@id\":\"https:\\\/\\\/zun-schweiz.ch\\\/it\\\/gallina-svizzera\\\/#primaryimage\"},\"thumbnailUrl\":\"https:\\\/\\\/zun-schweiz.ch\\\/wp-content\\\/uploads\\\/2024\\\/01\\\/DSC00097-scaled-e1707248831603.jpg\",\"keywords\":[\"livello 1\"],\"articleSection\":[\"Animali\"],\"inLanguage\":\"it-IT\",\"potentialAction\":[{\"@type\":\"CommentAction\",\"name\":\"Comment\",\"target\":[\"https:\\\/\\\/zun-schweiz.ch\\\/it\\\/gallina-svizzera\\\/#respond\"]}]},{\"@type\":\"WebPage\",\"@id\":\"https:\\\/\\\/zun-schweiz.ch\\\/it\\\/gallina-svizzera\\\/\",\"url\":\"https:\\\/\\\/zun-schweiz.ch\\\/it\\\/gallina-svizzera\\\/\",\"name\":\"Gallina svizzera - ZUN Schweiz\",\"isPartOf\":{\"@id\":\"https:\\\/\\\/zun-schweiz.ch\\\/#website\"},\"primaryImageOfPage\":{\"@id\":\"https:\\\/\\\/zun-schweiz.ch\\\/it\\\/gallina-svizzera\\\/#primaryimage\"},\"image\":{\"@id\":\"https:\\\/\\\/zun-schweiz.ch\\\/it\\\/gallina-svizzera\\\/#primaryimage\"},\"thumbnailUrl\":\"https:\\\/\\\/zun-schweiz.ch\\\/wp-content\\\/uploads\\\/2024\\\/01\\\/DSC00097-scaled-e1707248831603.jpg\",\"datePublished\":\"2023-11-08T12:38:27+00:00\",\"dateModified\":\"2024-02-15T12:35:13+00:00\",\"description\":\"Unser Bestreben ist es, die genetische Vielfalt der Schweizer Nutzgefl\u00fcgelrassen als Teil des Kulturerbes der Schweiz durch artgerechte Erhaltungszucht zu bewahren. Wir stellen unseren Mitgliedern nicht nur Fachwissen und Netzwerk zur Verf\u00fcgung, sondern unterst\u00fctzen die Zucht auch aktiv. Gemeinsam sensibilisieren wir die Bev\u00f6lkerung f\u00fcr einen bewussten und respektvollen Umgang mit Natur und Tier.\",\"breadcrumb\":{\"@id\":\"https:\\\/\\\/zun-schweiz.ch\\\/it\\\/gallina-svizzera\\\/#breadcrumb\"},\"inLanguage\":\"it-IT\",\"potentialAction\":[{\"@type\":\"ReadAction\",\"target\":[\"https:\\\/\\\/zun-schweiz.ch\\\/it\\\/gallina-svizzera\\\/\"]}]},{\"@type\":\"ImageObject\",\"inLanguage\":\"it-IT\",\"@id\":\"https:\\\/\\\/zun-schweiz.ch\\\/it\\\/gallina-svizzera\\\/#primaryimage\",\"url\":\"https:\\\/\\\/zun-schweiz.ch\\\/wp-content\\\/uploads\\\/2024\\\/01\\\/DSC00097-scaled-e1707248831603.jpg\",\"contentUrl\":\"https:\\\/\\\/zun-schweiz.ch\\\/wp-content\\\/uploads\\\/2024\\\/01\\\/DSC00097-scaled-e1707248831603.jpg\",\"width\":2560,\"height\":1143},{\"@type\":\"BreadcrumbList\",\"@id\":\"https:\\\/\\\/zun-schweiz.ch\\\/it\\\/gallina-svizzera\\\/#breadcrumb\",\"itemListElement\":[{\"@type\":\"ListItem\",\"position\":1,\"name\":\"Startseite\",\"item\":\"https:\\\/\\\/zun-schweiz.ch\\\/it\\\/casa\\\/\"},{\"@type\":\"ListItem\",\"position\":2,\"name\":\"Gallina svizzera\"}]},{\"@type\":\"WebSite\",\"@id\":\"https:\\\/\\\/zun-schweiz.ch\\\/#website\",\"url\":\"https:\\\/\\\/zun-schweiz.ch\\\/\",\"name\":\"ZUN Schweiz\",\"description\":\"\",\"publisher\":{\"@id\":\"https:\\\/\\\/zun-schweiz.ch\\\/#organization\"},\"potentialAction\":[{\"@type\":\"SearchAction\",\"target\":{\"@type\":\"EntryPoint\",\"urlTemplate\":\"https:\\\/\\\/zun-schweiz.ch\\\/?s={search_term_string}\"},\"query-input\":{\"@type\":\"PropertyValueSpecification\",\"valueRequired\":true,\"valueName\":\"search_term_string\"}}],\"inLanguage\":\"it-IT\"},{\"@type\":\"Organization\",\"@id\":\"https:\\\/\\\/zun-schweiz.ch\\\/#organization\",\"name\":\"ZUN Schweiz\",\"url\":\"https:\\\/\\\/zun-schweiz.ch\\\/\",\"logo\":{\"@type\":\"ImageObject\",\"inLanguage\":\"it-IT\",\"@id\":\"https:\\\/\\\/zun-schweiz.ch\\\/#\\\/schema\\\/logo\\\/image\\\/\",\"url\":\"https:\\\/\\\/zun-schweiz.ch\\\/wp-content\\\/uploads\\\/2023\\\/11\\\/zun_091031_cmyk-07.jpg\",\"contentUrl\":\"https:\\\/\\\/zun-schweiz.ch\\\/wp-content\\\/uploads\\\/2023\\\/11\\\/zun_091031_cmyk-07.jpg\",\"width\":2378,\"height\":820,\"caption\":\"ZUN Schweiz\"},\"image\":{\"@id\":\"https:\\\/\\\/zun-schweiz.ch\\\/#\\\/schema\\\/logo\\\/image\\\/\"},\"sameAs\":[\"https:\\\/\\\/www.facebook.com\\\/zunschweiz.ch\\\/\",\"https:\\\/\\\/www.instagram.com\\\/zun_schweiz\\\/?hl=en\"]},{\"@type\":\"Person\",\"@id\":\"https:\\\/\\\/zun-schweiz.ch\\\/#\\\/schema\\\/person\\\/cd4986364ffbe3e7df6498c8ce89e934\",\"name\":\"admin\",\"image\":{\"@type\":\"ImageObject\",\"inLanguage\":\"it-IT\",\"@id\":\"https:\\\/\\\/secure.gravatar.com\\\/avatar\\\/ee32d64a917733801a74cc7babd6af64736d343d510770d5d1f9d632f1486e30?s=96&d=mm&r=g\",\"url\":\"https:\\\/\\\/secure.gravatar.com\\\/avatar\\\/ee32d64a917733801a74cc7babd6af64736d343d510770d5d1f9d632f1486e30?s=96&d=mm&r=g\",\"contentUrl\":\"https:\\\/\\\/secure.gravatar.com\\\/avatar\\\/ee32d64a917733801a74cc7babd6af64736d343d510770d5d1f9d632f1486e30?s=96&d=mm&r=g\",\"caption\":\"admin\"},\"sameAs\":[\"https:\\\/\\\/zun-schweiz.ch\"],\"url\":\"https:\\\/\\\/zun-schweiz.ch\\\/it\\\/author\\\/admin\\\/\"}]}<\/script>\r\n<!-- \/ Yoast SEO plugin. -->","yoast_head_json":{"title":"Gallina svizzera - ZUN Schweiz","description":"Unser Bestreben ist es, die genetische Vielfalt der Schweizer Nutzgefl\u00fcgelrassen als Teil des Kulturerbes der Schweiz durch artgerechte Erhaltungszucht zu bewahren. Wir stellen unseren Mitgliedern nicht nur Fachwissen und Netzwerk zur Verf\u00fcgung, sondern unterst\u00fctzen die Zucht auch aktiv. Gemeinsam sensibilisieren wir die Bev\u00f6lkerung f\u00fcr einen bewussten und respektvollen Umgang mit Natur und Tier.","robots":{"index":"index","follow":"follow","max-snippet":"max-snippet:-1","max-image-preview":"max-image-preview:large","max-video-preview":"max-video-preview:-1"},"canonical":"https:\/\/zun-schweiz.ch\/it\/gallina-svizzera\/","og_locale":"it_IT","og_type":"article","og_title":"Gallina svizzera - ZUN Schweiz","og_description":"Unser Bestreben ist es, die genetische Vielfalt der Schweizer Nutzgefl\u00fcgelrassen als Teil des Kulturerbes der Schweiz durch artgerechte Erhaltungszucht zu bewahren. Wir stellen unseren Mitgliedern nicht nur Fachwissen und Netzwerk zur Verf\u00fcgung, sondern unterst\u00fctzen die Zucht auch aktiv. Gemeinsam sensibilisieren wir die Bev\u00f6lkerung f\u00fcr einen bewussten und respektvollen Umgang mit Natur und Tier.","og_url":"https:\/\/zun-schweiz.ch\/it\/gallina-svizzera\/","og_site_name":"ZUN Schweiz","article_publisher":"https:\/\/www.facebook.com\/zunschweiz.ch\/","article_published_time":"2023-11-08T12:38:27+00:00","article_modified_time":"2024-02-15T12:35:13+00:00","og_image":[{"width":2560,"height":1143,"url":"https:\/\/zun-schweiz.ch\/wp-content\/uploads\/2024\/01\/DSC00097-scaled-e1707248831603.jpg","type":"image\/jpeg"}],"author":"admin","twitter_card":"summary_large_image","twitter_misc":{"Scritto da":"admin"},"schema":{"@context":"https:\/\/schema.org","@graph":[{"@type":"Article","@id":"https:\/\/zun-schweiz.ch\/it\/gallina-svizzera\/#article","isPartOf":{"@id":"https:\/\/zun-schweiz.ch\/it\/gallina-svizzera\/"},"author":{"name":"admin","@id":"https:\/\/zun-schweiz.ch\/#\/schema\/person\/cd4986364ffbe3e7df6498c8ce89e934"},"headline":"Gallina svizzera","datePublished":"2023-11-08T12:38:27+00:00","dateModified":"2024-02-15T12:35:13+00:00","mainEntityOfPage":{"@id":"https:\/\/zun-schweiz.ch\/it\/gallina-svizzera\/"},"wordCount":96,"commentCount":0,"publisher":{"@id":"https:\/\/zun-schweiz.ch\/#organization"},"image":{"@id":"https:\/\/zun-schweiz.ch\/it\/gallina-svizzera\/#primaryimage"},"thumbnailUrl":"https:\/\/zun-schweiz.ch\/wp-content\/uploads\/2024\/01\/DSC00097-scaled-e1707248831603.jpg","keywords":["livello 1"],"articleSection":["Animali"],"inLanguage":"it-IT","potentialAction":[{"@type":"CommentAction","name":"Comment","target":["https:\/\/zun-schweiz.ch\/it\/gallina-svizzera\/#respond"]}]},{"@type":"WebPage","@id":"https:\/\/zun-schweiz.ch\/it\/gallina-svizzera\/","url":"https:\/\/zun-schweiz.ch\/it\/gallina-svizzera\/","name":"Gallina svizzera - ZUN Schweiz","isPartOf":{"@id":"https:\/\/zun-schweiz.ch\/#website"},"primaryImageOfPage":{"@id":"https:\/\/zun-schweiz.ch\/it\/gallina-svizzera\/#primaryimage"},"image":{"@id":"https:\/\/zun-schweiz.ch\/it\/gallina-svizzera\/#primaryimage"},"thumbnailUrl":"https:\/\/zun-schweiz.ch\/wp-content\/uploads\/2024\/01\/DSC00097-scaled-e1707248831603.jpg","datePublished":"2023-11-08T12:38:27+00:00","dateModified":"2024-02-15T12:35:13+00:00","description":"Unser Bestreben ist es, die genetische Vielfalt der Schweizer Nutzgefl\u00fcgelrassen als Teil des Kulturerbes der Schweiz durch artgerechte Erhaltungszucht zu bewahren. Wir stellen unseren Mitgliedern nicht nur Fachwissen und Netzwerk zur Verf\u00fcgung, sondern unterst\u00fctzen die Zucht auch aktiv. Gemeinsam sensibilisieren wir die Bev\u00f6lkerung f\u00fcr einen bewussten und respektvollen Umgang mit Natur und Tier.","breadcrumb":{"@id":"https:\/\/zun-schweiz.ch\/it\/gallina-svizzera\/#breadcrumb"},"inLanguage":"it-IT","potentialAction":[{"@type":"ReadAction","target":["https:\/\/zun-schweiz.ch\/it\/gallina-svizzera\/"]}]},{"@type":"ImageObject","inLanguage":"it-IT","@id":"https:\/\/zun-schweiz.ch\/it\/gallina-svizzera\/#primaryimage","url":"https:\/\/zun-schweiz.ch\/wp-content\/uploads\/2024\/01\/DSC00097-scaled-e1707248831603.jpg","contentUrl":"https:\/\/zun-schweiz.ch\/wp-content\/uploads\/2024\/01\/DSC00097-scaled-e1707248831603.jpg","width":2560,"height":1143},{"@type":"BreadcrumbList","@id":"https:\/\/zun-schweiz.ch\/it\/gallina-svizzera\/#breadcrumb","itemListElement":[{"@type":"ListItem","position":1,"name":"Startseite","item":"https:\/\/zun-schweiz.ch\/it\/casa\/"},{"@type":"ListItem","position":2,"name":"Gallina svizzera"}]},{"@type":"WebSite","@id":"https:\/\/zun-schweiz.ch\/#website","url":"https:\/\/zun-schweiz.ch\/","name":"ZUN Schweiz","description":"","publisher":{"@id":"https:\/\/zun-schweiz.ch\/#organization"},"potentialAction":[{"@type":"SearchAction","target":{"@type":"EntryPoint","urlTemplate":"https:\/\/zun-schweiz.ch\/?s={search_term_string}"},"query-input":{"@type":"PropertyValueSpecification","valueRequired":true,"valueName":"search_term_string"}}],"inLanguage":"it-IT"},{"@type":"Organization","@id":"https:\/\/zun-schweiz.ch\/#organization","name":"ZUN Schweiz","url":"https:\/\/zun-schweiz.ch\/","logo":{"@type":"ImageObject","inLanguage":"it-IT","@id":"https:\/\/zun-schweiz.ch\/#\/schema\/logo\/image\/","url":"https:\/\/zun-schweiz.ch\/wp-content\/uploads\/2023\/11\/zun_091031_cmyk-07.jpg","contentUrl":"https:\/\/zun-schweiz.ch\/wp-content\/uploads\/2023\/11\/zun_091031_cmyk-07.jpg","width":2378,"height":820,"caption":"ZUN Schweiz"},"image":{"@id":"https:\/\/zun-schweiz.ch\/#\/schema\/logo\/image\/"},"sameAs":["https:\/\/www.facebook.com\/zunschweiz.ch\/","https:\/\/www.instagram.com\/zun_schweiz\/?hl=en"]},{"@type":"Person","@id":"https:\/\/zun-schweiz.ch\/#\/schema\/person\/cd4986364ffbe3e7df6498c8ce89e934","name":"admin","image":{"@type":"ImageObject","inLanguage":"it-IT","@id":"https:\/\/secure.gravatar.com\/avatar\/ee32d64a917733801a74cc7babd6af64736d343d510770d5d1f9d632f1486e30?s=96&d=mm&r=g","url":"https:\/\/secure.gravatar.com\/avatar\/ee32d64a917733801a74cc7babd6af64736d343d510770d5d1f9d632f1486e30?s=96&d=mm&r=g","contentUrl":"https:\/\/secure.gravatar.com\/avatar\/ee32d64a917733801a74cc7babd6af64736d343d510770d5d1f9d632f1486e30?s=96&d=mm&r=g","caption":"admin"},"sameAs":["https:\/\/zun-schweiz.ch"],"url":"https:\/\/zun-schweiz.ch\/it\/author\/admin\/"}]}},"_links":{"self":[{"href":"https:\/\/zun-schweiz.ch\/it\/wp-json\/wp\/v2\/posts\/2422","targetHints":{"allow":["GET"]}}],"collection":[{"href":"https:\/\/zun-schweiz.ch\/it\/wp-json\/wp\/v2\/posts"}],"about":[{"href":"https:\/\/zun-schweiz.ch\/it\/wp-json\/wp\/v2\/types\/post"}],"author":[{"embeddable":true,"href":"https:\/\/zun-schweiz.ch\/it\/wp-json\/wp\/v2\/users\/1"}],"replies":[{"embeddable":true,"href":"https:\/\/zun-schweiz.ch\/it\/wp-json\/wp\/v2\/comments?post=2422"}],"version-history":[{"count":2,"href":"https:\/\/zun-schweiz.ch\/it\/wp-json\/wp\/v2\/posts\/2422\/revisions"}],"predecessor-version":[{"id":2871,"href":"https:\/\/zun-schweiz.ch\/it\/wp-json\/wp\/v2\/posts\/2422\/revisions\/2871"}],"wp:featuredmedia":[{"embeddable":true,"href":"https:\/\/zun-schweiz.ch\/it\/wp-json\/wp\/v2\/media\/2383"}],"wp:attachment":[{"href":"https:\/\/zun-schweiz.ch\/it\/wp-json\/wp\/v2\/media?parent=2422"}],"wp:term":[{"taxonomy":"category","embeddable":true,"href":"https:\/\/zun-schweiz.ch\/it\/wp-json\/wp\/v2\/categories?post=2422"},{"taxonomy":"post_tag","embeddable":true,"href":"https:\/\/zun-schweiz.ch\/it\/wp-json\/wp\/v2\/tags?post=2422"}],"curies":[{"name":"wp","href":"https:\/\/api.w.org\/{rel}","templated":true}]}}