{"id":2439,"date":"2023-11-08T12:38:56","date_gmt":"2023-11-08T12:38:56","guid":{"rendered":"https:\/\/2024.zun-schweiz.ch\/2023\/11\/08\/appenzeller-spitzhaubenhuhn\/"},"modified":"2024-03-08T18:44:28","modified_gmt":"2024-03-08T18:44:28","slug":"appenzeller-spitzhaubenhuhn","status":"publish","type":"post","link":"https:\/\/zun-schweiz.ch\/it\/appenzeller-spitzhaubenhuhn\/","title":{"rendered":"Appenzellese a cuffia"},"content":{"rendered":"\n<figure class=\"wp-block-video\"><video height=\"720\" style=\"aspect-ratio: 1280 \/ 720;\" width=\"1280\" autoplay=\"\" controls=\"\" loop=\"\" muted=\"\" src=\"https:\/\/zun-schweiz.ch\/wp-content\/uploads\/2024\/02\/f5b8af14-b49f-4eb6-a3d7-173170f08945.mov\"><\/video><\/figure>\n\n<div style=\"height:50px\" aria-hidden=\"true\" class=\"wp-block-spacer\"><\/div>\n\n<p><strong>Il vitale e volubile Appenzellese a cuffia &#8211; piumaggio colorato e buone prestazioni di deposizione,<br\/>che ispirano.<\/strong><br\/><br\/>Il marchio di fabbrica delle galline appenzellesi a cuffia appuntito \u00e8 il loro vistoso copricapo: la cuffia piumata stretta e inclinata in avanti, che ricorda il tradizionale copricapo del costume domenicale appenzellese. Le appenzellesi a cuffia, vivaci e vitali, si adattano perfettamente alle condizioni della montagna. Sono eccellenti arrampicatori su terreni rocciosi e possono volare in modo eccezionale, il che rappresenta una sfida costante per i costruttori di stabili. L&#8217;Appenzellese a cuffia colpisce anche per le sue diverse variet\u00e0 di colore, che faranno la gioia di molti allevatori. I colori riconosciuti da ZUN e PSR sono: oro puro, nero, bianco, oro-nero e argento-nero.<\/p>\n\n<div style=\"height:50px\" aria-hidden=\"true\" class=\"wp-block-spacer\"><\/div>\n\n<p><a href=\"https:\/\/zun-schweiz.ch\/wp-content\/uploads\/2024\/02\/Fotoblatt_Spitzhaubenhuhn.pdf\" target=\"_blank\" rel=\"noreferrer noopener\">Standard di razza pdf download<\/a><\/p>\n\n<p><a href=\"https:\/\/zun-schweiz.ch\/wp-content\/uploads\/2024\/02\/Allgemeine_Ausschlussfehler.pdf\" target=\"_blank\" rel=\"noreferrer noopener\">Errori generali di esclusione pdf download<\/a><\/p>\n\n<div style=\"height:50px\" aria-hidden=\"true\" class=\"wp-block-spacer\"><\/div>\n\n<figure class=\"wp-block-gallery has-nested-images columns-default is-cropped wp-block-gallery-1 is-layout-flex wp-block-gallery-is-layout-flex\">\n<figure class=\"wp-block-image size-large\"><a href=\"https:\/\/zun-schweiz.ch\/wp-content\/uploads\/2023\/11\/P29846_116820_SH_Appenzeller_Spitzhauben_silbertupf_Hennen-1.jpg\"><img fetchpriority=\"high\" decoding=\"async\" width=\"1024\" height=\"683\" data-id=\"2276\" src=\"https:\/\/zun-schweiz.ch\/wp-content\/uploads\/2023\/11\/P29846_116820_SH_Appenzeller_Spitzhauben_silbertupf_Hennen-1-1024x683.jpg\" alt=\"\" class=\"wp-image-2276\" srcset=\"https:\/\/zun-schweiz.ch\/wp-content\/uploads\/2023\/11\/P29846_116820_SH_Appenzeller_Spitzhauben_silbertupf_Hennen-1-1024x683.jpg 1024w, https:\/\/zun-schweiz.ch\/wp-content\/uploads\/2023\/11\/P29846_116820_SH_Appenzeller_Spitzhauben_silbertupf_Hennen-1-300x200.jpg 300w, https:\/\/zun-schweiz.ch\/wp-content\/uploads\/2023\/11\/P29846_116820_SH_Appenzeller_Spitzhauben_silbertupf_Hennen-1-768x512.jpg 768w, https:\/\/zun-schweiz.ch\/wp-content\/uploads\/2023\/11\/P29846_116820_SH_Appenzeller_Spitzhauben_silbertupf_Hennen-1-1536x1024.jpg 1536w, https:\/\/zun-schweiz.ch\/wp-content\/uploads\/2023\/11\/P29846_116820_SH_Appenzeller_Spitzhauben_silbertupf_Hennen-1-2048x1365.jpg 2048w\" sizes=\"(max-width: 1024px) 100vw, 1024px\" \/><\/a><\/figure>\n\n\n\n<figure class=\"wp-block-image size-large\"><a href=\"https:\/\/zun-schweiz.ch\/wp-content\/uploads\/2023\/11\/P120279_IMG_7949.jpg\"><img decoding=\"async\" width=\"1024\" height=\"669\" data-id=\"2278\" src=\"https:\/\/zun-schweiz.ch\/wp-content\/uploads\/2023\/11\/P120279_IMG_7949-1024x669.jpg\" alt=\"\" class=\"wp-image-2278\" srcset=\"https:\/\/zun-schweiz.ch\/wp-content\/uploads\/2023\/11\/P120279_IMG_7949-1024x669.jpg 1024w, https:\/\/zun-schweiz.ch\/wp-content\/uploads\/2023\/11\/P120279_IMG_7949-300x196.jpg 300w, https:\/\/zun-schweiz.ch\/wp-content\/uploads\/2023\/11\/P120279_IMG_7949-768x502.jpg 768w, https:\/\/zun-schweiz.ch\/wp-content\/uploads\/2023\/11\/P120279_IMG_7949-1536x1003.jpg 1536w, https:\/\/zun-schweiz.ch\/wp-content\/uploads\/2023\/11\/P120279_IMG_7949-2048x1337.jpg 2048w\" sizes=\"(max-width: 1024px) 100vw, 1024px\" \/><\/a><\/figure>\n\n\n\n<figure class=\"wp-block-image size-large\"><a href=\"https:\/\/zun-schweiz.ch\/wp-content\/uploads\/2023\/11\/IMG_6068.jpg\"><img decoding=\"async\" width=\"1024\" height=\"683\" data-id=\"2282\" src=\"https:\/\/zun-schweiz.ch\/wp-content\/uploads\/2023\/11\/IMG_6068-1024x683.jpg\" alt=\"\" class=\"wp-image-2282\" srcset=\"https:\/\/zun-schweiz.ch\/wp-content\/uploads\/2023\/11\/IMG_6068-1024x683.jpg 1024w, https:\/\/zun-schweiz.ch\/wp-content\/uploads\/2023\/11\/IMG_6068-300x200.jpg 300w, https:\/\/zun-schweiz.ch\/wp-content\/uploads\/2023\/11\/IMG_6068-768x512.jpg 768w, https:\/\/zun-schweiz.ch\/wp-content\/uploads\/2023\/11\/IMG_6068-1536x1024.jpg 1536w, https:\/\/zun-schweiz.ch\/wp-content\/uploads\/2023\/11\/IMG_6068-2048x1365.jpg 2048w\" sizes=\"(max-width: 1024px) 100vw, 1024px\" \/><\/a><\/figure>\n\n\n\n<figure class=\"wp-block-image size-large\"><a href=\"https:\/\/zun-schweiz.ch\/wp-content\/uploads\/2023\/11\/IMG_1114-scaled.jpg\"><img loading=\"lazy\" decoding=\"async\" width=\"1024\" height=\"683\" data-id=\"1829\" src=\"https:\/\/zun-schweiz.ch\/wp-content\/uploads\/2023\/11\/IMG_1114-1024x683.jpg\" alt=\"\" class=\"wp-image-1829\" srcset=\"https:\/\/zun-schweiz.ch\/wp-content\/uploads\/2023\/11\/IMG_1114-1024x683.jpg 1024w, https:\/\/zun-schweiz.ch\/wp-content\/uploads\/2023\/11\/IMG_1114-300x200.jpg 300w, https:\/\/zun-schweiz.ch\/wp-content\/uploads\/2023\/11\/IMG_1114-768x512.jpg 768w, https:\/\/zun-schweiz.ch\/wp-content\/uploads\/2023\/11\/IMG_1114-1536x1024.jpg 1536w, https:\/\/zun-schweiz.ch\/wp-content\/uploads\/2023\/11\/IMG_1114-2048x1365.jpg 2048w\" sizes=\"(max-width: 1024px) 100vw, 1024px\" \/><\/a><\/figure>\n\n\n\n<figure class=\"wp-block-image size-large\"><a href=\"https:\/\/zun-schweiz.ch\/wp-content\/uploads\/2023\/11\/IMG_7888-scaled.jpg\"><img loading=\"lazy\" decoding=\"async\" width=\"1024\" height=\"683\" data-id=\"1184\" src=\"https:\/\/zun-schweiz.ch\/wp-content\/uploads\/2023\/11\/IMG_7888-1024x683.jpg\" alt=\"\" class=\"wp-image-1184\" srcset=\"https:\/\/zun-schweiz.ch\/wp-content\/uploads\/2023\/11\/IMG_7888-1024x683.jpg 1024w, https:\/\/zun-schweiz.ch\/wp-content\/uploads\/2023\/11\/IMG_7888-300x200.jpg 300w, https:\/\/zun-schweiz.ch\/wp-content\/uploads\/2023\/11\/IMG_7888-768x512.jpg 768w, https:\/\/zun-schweiz.ch\/wp-content\/uploads\/2023\/11\/IMG_7888-1536x1024.jpg 1536w, https:\/\/zun-schweiz.ch\/wp-content\/uploads\/2023\/11\/IMG_7888-2048x1365.jpg 2048w\" sizes=\"(max-width: 1024px) 100vw, 1024px\" \/><\/a><\/figure>\n\n\n\n<figure class=\"wp-block-image size-large\"><a href=\"https:\/\/zun-schweiz.ch\/wp-content\/uploads\/2024\/02\/bearbeitet.jpg\"><img loading=\"lazy\" decoding=\"async\" width=\"1024\" height=\"683\" data-id=\"2106\" src=\"https:\/\/zun-schweiz.ch\/wp-content\/uploads\/2024\/02\/bearbeitet-1024x683.jpg\" alt=\"\" class=\"wp-image-2106\" srcset=\"https:\/\/zun-schweiz.ch\/wp-content\/uploads\/2024\/02\/bearbeitet-1024x683.jpg 1024w, https:\/\/zun-schweiz.ch\/wp-content\/uploads\/2024\/02\/bearbeitet-300x200.jpg 300w, https:\/\/zun-schweiz.ch\/wp-content\/uploads\/2024\/02\/bearbeitet-768x512.jpg 768w, https:\/\/zun-schweiz.ch\/wp-content\/uploads\/2024\/02\/bearbeitet-1536x1024.jpg 1536w, https:\/\/zun-schweiz.ch\/wp-content\/uploads\/2024\/02\/bearbeitet-2048x1366.jpg 2048w\" sizes=\"(max-width: 1024px) 100vw, 1024px\" \/><\/a><\/figure>\n\n\n\n<figure class=\"wp-block-image size-large\"><a href=\"https:\/\/zun-schweiz.ch\/wp-content\/uploads\/2024\/01\/IMG_6856-scaled.jpg\"><img loading=\"lazy\" decoding=\"async\" width=\"1024\" height=\"768\" data-id=\"1180\" src=\"https:\/\/zun-schweiz.ch\/wp-content\/uploads\/2024\/01\/IMG_6856-1024x768.jpg\" alt=\"\" class=\"wp-image-1180\" srcset=\"https:\/\/zun-schweiz.ch\/wp-content\/uploads\/2024\/01\/IMG_6856-1024x768.jpg 1024w, https:\/\/zun-schweiz.ch\/wp-content\/uploads\/2024\/01\/IMG_6856-300x225.jpg 300w, https:\/\/zun-schweiz.ch\/wp-content\/uploads\/2024\/01\/IMG_6856-768x576.jpg 768w, https:\/\/zun-schweiz.ch\/wp-content\/uploads\/2024\/01\/IMG_6856-1536x1152.jpg 1536w, https:\/\/zun-schweiz.ch\/wp-content\/uploads\/2024\/01\/IMG_6856-2048x1536.jpg 2048w\" sizes=\"(max-width: 1024px) 100vw, 1024px\" \/><\/a><\/figure>\n<\/figure>\n","protected":false},"excerpt":{"rendered":"<p>Il vitale e volubile Appenzellese a cuffia &#8211; piumaggio colorato e buone prestazioni di deposizione,che ispirano. Il marchio di fabbrica delle galline appenzellesi a cuffia appuntito \u00e8 il loro vistoso copricapo: la cuffia piumata stretta e inclinata in avanti, che ricorda il tradizionale copricapo del costume domenicale appenzellese. Le appenzellesi a cuffia, vivaci e vitali, [&hellip;]<\/p>\n","protected":false},"author":1,"featured_media":2443,"comment_status":"open","ping_status":"open","sticky":false,"template":"","format":"standard","meta":{"_acf_changed":false,"_monsterinsights_skip_tracking":false,"_monsterinsights_sitenote_active":false,"_monsterinsights_sitenote_note":"","_monsterinsights_sitenote_category":0,"footnotes":""},"categories":[75],"tags":[79],"class_list":["post-2439","post","type-post","status-publish","format-standard","has-post-thumbnail","hentry","category-animali","tag-livello-2"],"acf":[],"yoast_head":"<!-- This site is optimized with the Yoast SEO plugin v27.4 - https:\/\/yoast.com\/product\/yoast-seo-wordpress\/ -->\r\n<title>Appenzellese a cuffia - ZUN Schweiz<\/title>\r\n<meta name=\"description\" content=\"Unser Bestreben ist es, die genetische Vielfalt der Schweizer Nutzgefl\u00fcgelrassen als Teil des Kulturerbes der Schweiz durch artgerechte Erhaltungszucht zu bewahren. Wir stellen unseren Mitgliedern nicht nur Fachwissen und Netzwerk zur Verf\u00fcgung, sondern unterst\u00fctzen die Zucht auch aktiv. Gemeinsam sensibilisieren wir die Bev\u00f6lkerung f\u00fcr einen bewussten und respektvollen Umgang mit Natur und Tier.\" \/>\r\n<meta name=\"robots\" content=\"index, follow, max-snippet:-1, max-image-preview:large, max-video-preview:-1\" \/>\r\n<link rel=\"canonical\" href=\"https:\/\/zun-schweiz.ch\/it\/appenzeller-spitzhaubenhuhn\/\" \/>\r\n<meta property=\"og:locale\" content=\"it_IT\" \/>\r\n<meta property=\"og:type\" content=\"article\" \/>\r\n<meta property=\"og:title\" content=\"Appenzellese a cuffia - ZUN Schweiz\" \/>\r\n<meta property=\"og:description\" content=\"Unser Bestreben ist es, die genetische Vielfalt der Schweizer Nutzgefl\u00fcgelrassen als Teil des Kulturerbes der Schweiz durch artgerechte Erhaltungszucht zu bewahren. Wir stellen unseren Mitgliedern nicht nur Fachwissen und Netzwerk zur Verf\u00fcgung, sondern unterst\u00fctzen die Zucht auch aktiv. Gemeinsam sensibilisieren wir die Bev\u00f6lkerung f\u00fcr einen bewussten und respektvollen Umgang mit Natur und Tier.\" \/>\r\n<meta property=\"og:url\" content=\"https:\/\/zun-schweiz.ch\/it\/appenzeller-spitzhaubenhuhn\/\" \/>\r\n<meta property=\"og:site_name\" content=\"ZUN Schweiz\" \/>\r\n<meta property=\"article:publisher\" content=\"https:\/\/www.facebook.com\/zunschweiz.ch\/\" \/>\r\n<meta property=\"article:published_time\" content=\"2023-11-08T12:38:56+00:00\" \/>\r\n<meta property=\"article:modified_time\" content=\"2024-03-08T18:44:28+00:00\" \/>\r\n<meta property=\"og:image\" content=\"https:\/\/zun-schweiz.ch\/wp-content\/uploads\/2023\/11\/IMG_1114-scaled.jpg\" \/>\r\n\t<meta property=\"og:image:width\" content=\"2560\" \/>\r\n\t<meta property=\"og:image:height\" content=\"1707\" \/>\r\n\t<meta property=\"og:image:type\" content=\"image\/jpeg\" \/>\r\n<meta name=\"author\" content=\"admin\" \/>\r\n<meta name=\"twitter:card\" content=\"summary_large_image\" \/>\r\n<meta name=\"twitter:label1\" content=\"Scritto da\" \/>\n\t<meta name=\"twitter:data1\" content=\"admin\" \/>\n\t<meta name=\"twitter:label2\" content=\"Tempo di lettura stimato\" \/>\n\t<meta name=\"twitter:data2\" content=\"1 minuto\" \/>\r\n<script type=\"application\/ld+json\" class=\"yoast-schema-graph\">{\"@context\":\"https:\\\/\\\/schema.org\",\"@graph\":[{\"@type\":\"Article\",\"@id\":\"https:\\\/\\\/zun-schweiz.ch\\\/it\\\/appenzeller-spitzhaubenhuhn\\\/#article\",\"isPartOf\":{\"@id\":\"https:\\\/\\\/zun-schweiz.ch\\\/it\\\/appenzeller-spitzhaubenhuhn\\\/\"},\"author\":{\"name\":\"admin\",\"@id\":\"https:\\\/\\\/zun-schweiz.ch\\\/#\\\/schema\\\/person\\\/cd4986364ffbe3e7df6498c8ce89e934\"},\"headline\":\"Appenzellese a cuffia\",\"datePublished\":\"2023-11-08T12:38:56+00:00\",\"dateModified\":\"2024-03-08T18:44:28+00:00\",\"mainEntityOfPage\":{\"@id\":\"https:\\\/\\\/zun-schweiz.ch\\\/it\\\/appenzeller-spitzhaubenhuhn\\\/\"},\"wordCount\":134,\"commentCount\":0,\"publisher\":{\"@id\":\"https:\\\/\\\/zun-schweiz.ch\\\/#organization\"},\"image\":{\"@id\":\"https:\\\/\\\/zun-schweiz.ch\\\/it\\\/appenzeller-spitzhaubenhuhn\\\/#primaryimage\"},\"thumbnailUrl\":\"https:\\\/\\\/zun-schweiz.ch\\\/wp-content\\\/uploads\\\/2023\\\/11\\\/IMG_1114-scaled.jpg\",\"keywords\":[\"livello 2\"],\"articleSection\":[\"Animali\"],\"inLanguage\":\"it-IT\",\"potentialAction\":[{\"@type\":\"CommentAction\",\"name\":\"Comment\",\"target\":[\"https:\\\/\\\/zun-schweiz.ch\\\/it\\\/appenzeller-spitzhaubenhuhn\\\/#respond\"]}]},{\"@type\":\"WebPage\",\"@id\":\"https:\\\/\\\/zun-schweiz.ch\\\/it\\\/appenzeller-spitzhaubenhuhn\\\/\",\"url\":\"https:\\\/\\\/zun-schweiz.ch\\\/it\\\/appenzeller-spitzhaubenhuhn\\\/\",\"name\":\"Appenzellese a cuffia - ZUN Schweiz\",\"isPartOf\":{\"@id\":\"https:\\\/\\\/zun-schweiz.ch\\\/#website\"},\"primaryImageOfPage\":{\"@id\":\"https:\\\/\\\/zun-schweiz.ch\\\/it\\\/appenzeller-spitzhaubenhuhn\\\/#primaryimage\"},\"image\":{\"@id\":\"https:\\\/\\\/zun-schweiz.ch\\\/it\\\/appenzeller-spitzhaubenhuhn\\\/#primaryimage\"},\"thumbnailUrl\":\"https:\\\/\\\/zun-schweiz.ch\\\/wp-content\\\/uploads\\\/2023\\\/11\\\/IMG_1114-scaled.jpg\",\"datePublished\":\"2023-11-08T12:38:56+00:00\",\"dateModified\":\"2024-03-08T18:44:28+00:00\",\"description\":\"Unser Bestreben ist es, die genetische Vielfalt der Schweizer Nutzgefl\u00fcgelrassen als Teil des Kulturerbes der Schweiz durch artgerechte Erhaltungszucht zu bewahren. Wir stellen unseren Mitgliedern nicht nur Fachwissen und Netzwerk zur Verf\u00fcgung, sondern unterst\u00fctzen die Zucht auch aktiv. Gemeinsam sensibilisieren wir die Bev\u00f6lkerung f\u00fcr einen bewussten und respektvollen Umgang mit Natur und Tier.\",\"breadcrumb\":{\"@id\":\"https:\\\/\\\/zun-schweiz.ch\\\/it\\\/appenzeller-spitzhaubenhuhn\\\/#breadcrumb\"},\"inLanguage\":\"it-IT\",\"potentialAction\":[{\"@type\":\"ReadAction\",\"target\":[\"https:\\\/\\\/zun-schweiz.ch\\\/it\\\/appenzeller-spitzhaubenhuhn\\\/\"]}]},{\"@type\":\"ImageObject\",\"inLanguage\":\"it-IT\",\"@id\":\"https:\\\/\\\/zun-schweiz.ch\\\/it\\\/appenzeller-spitzhaubenhuhn\\\/#primaryimage\",\"url\":\"https:\\\/\\\/zun-schweiz.ch\\\/wp-content\\\/uploads\\\/2023\\\/11\\\/IMG_1114-scaled.jpg\",\"contentUrl\":\"https:\\\/\\\/zun-schweiz.ch\\\/wp-content\\\/uploads\\\/2023\\\/11\\\/IMG_1114-scaled.jpg\",\"width\":2560,\"height\":1707},{\"@type\":\"BreadcrumbList\",\"@id\":\"https:\\\/\\\/zun-schweiz.ch\\\/it\\\/appenzeller-spitzhaubenhuhn\\\/#breadcrumb\",\"itemListElement\":[{\"@type\":\"ListItem\",\"position\":1,\"name\":\"Startseite\",\"item\":\"https:\\\/\\\/zun-schweiz.ch\\\/it\\\/casa\\\/\"},{\"@type\":\"ListItem\",\"position\":2,\"name\":\"Appenzellese a cuffia\"}]},{\"@type\":\"WebSite\",\"@id\":\"https:\\\/\\\/zun-schweiz.ch\\\/#website\",\"url\":\"https:\\\/\\\/zun-schweiz.ch\\\/\",\"name\":\"ZUN Schweiz\",\"description\":\"\",\"publisher\":{\"@id\":\"https:\\\/\\\/zun-schweiz.ch\\\/#organization\"},\"potentialAction\":[{\"@type\":\"SearchAction\",\"target\":{\"@type\":\"EntryPoint\",\"urlTemplate\":\"https:\\\/\\\/zun-schweiz.ch\\\/?s={search_term_string}\"},\"query-input\":{\"@type\":\"PropertyValueSpecification\",\"valueRequired\":true,\"valueName\":\"search_term_string\"}}],\"inLanguage\":\"it-IT\"},{\"@type\":\"Organization\",\"@id\":\"https:\\\/\\\/zun-schweiz.ch\\\/#organization\",\"name\":\"ZUN Schweiz\",\"url\":\"https:\\\/\\\/zun-schweiz.ch\\\/\",\"logo\":{\"@type\":\"ImageObject\",\"inLanguage\":\"it-IT\",\"@id\":\"https:\\\/\\\/zun-schweiz.ch\\\/#\\\/schema\\\/logo\\\/image\\\/\",\"url\":\"https:\\\/\\\/zun-schweiz.ch\\\/wp-content\\\/uploads\\\/2023\\\/11\\\/zun_091031_cmyk-07.jpg\",\"contentUrl\":\"https:\\\/\\\/zun-schweiz.ch\\\/wp-content\\\/uploads\\\/2023\\\/11\\\/zun_091031_cmyk-07.jpg\",\"width\":2378,\"height\":820,\"caption\":\"ZUN Schweiz\"},\"image\":{\"@id\":\"https:\\\/\\\/zun-schweiz.ch\\\/#\\\/schema\\\/logo\\\/image\\\/\"},\"sameAs\":[\"https:\\\/\\\/www.facebook.com\\\/zunschweiz.ch\\\/\",\"https:\\\/\\\/www.instagram.com\\\/zun_schweiz\\\/?hl=en\"]},{\"@type\":\"Person\",\"@id\":\"https:\\\/\\\/zun-schweiz.ch\\\/#\\\/schema\\\/person\\\/cd4986364ffbe3e7df6498c8ce89e934\",\"name\":\"admin\",\"image\":{\"@type\":\"ImageObject\",\"inLanguage\":\"it-IT\",\"@id\":\"https:\\\/\\\/secure.gravatar.com\\\/avatar\\\/ee32d64a917733801a74cc7babd6af64736d343d510770d5d1f9d632f1486e30?s=96&d=mm&r=g\",\"url\":\"https:\\\/\\\/secure.gravatar.com\\\/avatar\\\/ee32d64a917733801a74cc7babd6af64736d343d510770d5d1f9d632f1486e30?s=96&d=mm&r=g\",\"contentUrl\":\"https:\\\/\\\/secure.gravatar.com\\\/avatar\\\/ee32d64a917733801a74cc7babd6af64736d343d510770d5d1f9d632f1486e30?s=96&d=mm&r=g\",\"caption\":\"admin\"},\"sameAs\":[\"https:\\\/\\\/zun-schweiz.ch\"],\"url\":\"https:\\\/\\\/zun-schweiz.ch\\\/it\\\/author\\\/admin\\\/\"}]}<\/script>\r\n<!-- \/ Yoast SEO plugin. -->","yoast_head_json":{"title":"Appenzellese a cuffia - ZUN Schweiz","description":"Unser Bestreben ist es, die genetische Vielfalt der Schweizer Nutzgefl\u00fcgelrassen als Teil des Kulturerbes der Schweiz durch artgerechte Erhaltungszucht zu bewahren. Wir stellen unseren Mitgliedern nicht nur Fachwissen und Netzwerk zur Verf\u00fcgung, sondern unterst\u00fctzen die Zucht auch aktiv. Gemeinsam sensibilisieren wir die Bev\u00f6lkerung f\u00fcr einen bewussten und respektvollen Umgang mit Natur und Tier.","robots":{"index":"index","follow":"follow","max-snippet":"max-snippet:-1","max-image-preview":"max-image-preview:large","max-video-preview":"max-video-preview:-1"},"canonical":"https:\/\/zun-schweiz.ch\/it\/appenzeller-spitzhaubenhuhn\/","og_locale":"it_IT","og_type":"article","og_title":"Appenzellese a cuffia - ZUN Schweiz","og_description":"Unser Bestreben ist es, die genetische Vielfalt der Schweizer Nutzgefl\u00fcgelrassen als Teil des Kulturerbes der Schweiz durch artgerechte Erhaltungszucht zu bewahren. Wir stellen unseren Mitgliedern nicht nur Fachwissen und Netzwerk zur Verf\u00fcgung, sondern unterst\u00fctzen die Zucht auch aktiv. Gemeinsam sensibilisieren wir die Bev\u00f6lkerung f\u00fcr einen bewussten und respektvollen Umgang mit Natur und Tier.","og_url":"https:\/\/zun-schweiz.ch\/it\/appenzeller-spitzhaubenhuhn\/","og_site_name":"ZUN Schweiz","article_publisher":"https:\/\/www.facebook.com\/zunschweiz.ch\/","article_published_time":"2023-11-08T12:38:56+00:00","article_modified_time":"2024-03-08T18:44:28+00:00","og_image":[{"width":2560,"height":1707,"url":"https:\/\/zun-schweiz.ch\/wp-content\/uploads\/2023\/11\/IMG_1114-scaled.jpg","type":"image\/jpeg"}],"author":"admin","twitter_card":"summary_large_image","twitter_misc":{"Scritto da":"admin","Tempo di lettura stimato":"1 minuto"},"schema":{"@context":"https:\/\/schema.org","@graph":[{"@type":"Article","@id":"https:\/\/zun-schweiz.ch\/it\/appenzeller-spitzhaubenhuhn\/#article","isPartOf":{"@id":"https:\/\/zun-schweiz.ch\/it\/appenzeller-spitzhaubenhuhn\/"},"author":{"name":"admin","@id":"https:\/\/zun-schweiz.ch\/#\/schema\/person\/cd4986364ffbe3e7df6498c8ce89e934"},"headline":"Appenzellese a cuffia","datePublished":"2023-11-08T12:38:56+00:00","dateModified":"2024-03-08T18:44:28+00:00","mainEntityOfPage":{"@id":"https:\/\/zun-schweiz.ch\/it\/appenzeller-spitzhaubenhuhn\/"},"wordCount":134,"commentCount":0,"publisher":{"@id":"https:\/\/zun-schweiz.ch\/#organization"},"image":{"@id":"https:\/\/zun-schweiz.ch\/it\/appenzeller-spitzhaubenhuhn\/#primaryimage"},"thumbnailUrl":"https:\/\/zun-schweiz.ch\/wp-content\/uploads\/2023\/11\/IMG_1114-scaled.jpg","keywords":["livello 2"],"articleSection":["Animali"],"inLanguage":"it-IT","potentialAction":[{"@type":"CommentAction","name":"Comment","target":["https:\/\/zun-schweiz.ch\/it\/appenzeller-spitzhaubenhuhn\/#respond"]}]},{"@type":"WebPage","@id":"https:\/\/zun-schweiz.ch\/it\/appenzeller-spitzhaubenhuhn\/","url":"https:\/\/zun-schweiz.ch\/it\/appenzeller-spitzhaubenhuhn\/","name":"Appenzellese a cuffia - ZUN Schweiz","isPartOf":{"@id":"https:\/\/zun-schweiz.ch\/#website"},"primaryImageOfPage":{"@id":"https:\/\/zun-schweiz.ch\/it\/appenzeller-spitzhaubenhuhn\/#primaryimage"},"image":{"@id":"https:\/\/zun-schweiz.ch\/it\/appenzeller-spitzhaubenhuhn\/#primaryimage"},"thumbnailUrl":"https:\/\/zun-schweiz.ch\/wp-content\/uploads\/2023\/11\/IMG_1114-scaled.jpg","datePublished":"2023-11-08T12:38:56+00:00","dateModified":"2024-03-08T18:44:28+00:00","description":"Unser Bestreben ist es, die genetische Vielfalt der Schweizer Nutzgefl\u00fcgelrassen als Teil des Kulturerbes der Schweiz durch artgerechte Erhaltungszucht zu bewahren. Wir stellen unseren Mitgliedern nicht nur Fachwissen und Netzwerk zur Verf\u00fcgung, sondern unterst\u00fctzen die Zucht auch aktiv. Gemeinsam sensibilisieren wir die Bev\u00f6lkerung f\u00fcr einen bewussten und respektvollen Umgang mit Natur und Tier.","breadcrumb":{"@id":"https:\/\/zun-schweiz.ch\/it\/appenzeller-spitzhaubenhuhn\/#breadcrumb"},"inLanguage":"it-IT","potentialAction":[{"@type":"ReadAction","target":["https:\/\/zun-schweiz.ch\/it\/appenzeller-spitzhaubenhuhn\/"]}]},{"@type":"ImageObject","inLanguage":"it-IT","@id":"https:\/\/zun-schweiz.ch\/it\/appenzeller-spitzhaubenhuhn\/#primaryimage","url":"https:\/\/zun-schweiz.ch\/wp-content\/uploads\/2023\/11\/IMG_1114-scaled.jpg","contentUrl":"https:\/\/zun-schweiz.ch\/wp-content\/uploads\/2023\/11\/IMG_1114-scaled.jpg","width":2560,"height":1707},{"@type":"BreadcrumbList","@id":"https:\/\/zun-schweiz.ch\/it\/appenzeller-spitzhaubenhuhn\/#breadcrumb","itemListElement":[{"@type":"ListItem","position":1,"name":"Startseite","item":"https:\/\/zun-schweiz.ch\/it\/casa\/"},{"@type":"ListItem","position":2,"name":"Appenzellese a cuffia"}]},{"@type":"WebSite","@id":"https:\/\/zun-schweiz.ch\/#website","url":"https:\/\/zun-schweiz.ch\/","name":"ZUN Schweiz","description":"","publisher":{"@id":"https:\/\/zun-schweiz.ch\/#organization"},"potentialAction":[{"@type":"SearchAction","target":{"@type":"EntryPoint","urlTemplate":"https:\/\/zun-schweiz.ch\/?s={search_term_string}"},"query-input":{"@type":"PropertyValueSpecification","valueRequired":true,"valueName":"search_term_string"}}],"inLanguage":"it-IT"},{"@type":"Organization","@id":"https:\/\/zun-schweiz.ch\/#organization","name":"ZUN Schweiz","url":"https:\/\/zun-schweiz.ch\/","logo":{"@type":"ImageObject","inLanguage":"it-IT","@id":"https:\/\/zun-schweiz.ch\/#\/schema\/logo\/image\/","url":"https:\/\/zun-schweiz.ch\/wp-content\/uploads\/2023\/11\/zun_091031_cmyk-07.jpg","contentUrl":"https:\/\/zun-schweiz.ch\/wp-content\/uploads\/2023\/11\/zun_091031_cmyk-07.jpg","width":2378,"height":820,"caption":"ZUN Schweiz"},"image":{"@id":"https:\/\/zun-schweiz.ch\/#\/schema\/logo\/image\/"},"sameAs":["https:\/\/www.facebook.com\/zunschweiz.ch\/","https:\/\/www.instagram.com\/zun_schweiz\/?hl=en"]},{"@type":"Person","@id":"https:\/\/zun-schweiz.ch\/#\/schema\/person\/cd4986364ffbe3e7df6498c8ce89e934","name":"admin","image":{"@type":"ImageObject","inLanguage":"it-IT","@id":"https:\/\/secure.gravatar.com\/avatar\/ee32d64a917733801a74cc7babd6af64736d343d510770d5d1f9d632f1486e30?s=96&d=mm&r=g","url":"https:\/\/secure.gravatar.com\/avatar\/ee32d64a917733801a74cc7babd6af64736d343d510770d5d1f9d632f1486e30?s=96&d=mm&r=g","contentUrl":"https:\/\/secure.gravatar.com\/avatar\/ee32d64a917733801a74cc7babd6af64736d343d510770d5d1f9d632f1486e30?s=96&d=mm&r=g","caption":"admin"},"sameAs":["https:\/\/zun-schweiz.ch"],"url":"https:\/\/zun-schweiz.ch\/it\/author\/admin\/"}]}},"_links":{"self":[{"href":"https:\/\/zun-schweiz.ch\/it\/wp-json\/wp\/v2\/posts\/2439","targetHints":{"allow":["GET"]}}],"collection":[{"href":"https:\/\/zun-schweiz.ch\/it\/wp-json\/wp\/v2\/posts"}],"about":[{"href":"https:\/\/zun-schweiz.ch\/it\/wp-json\/wp\/v2\/types\/post"}],"author":[{"embeddable":true,"href":"https:\/\/zun-schweiz.ch\/it\/wp-json\/wp\/v2\/users\/1"}],"replies":[{"embeddable":true,"href":"https:\/\/zun-schweiz.ch\/it\/wp-json\/wp\/v2\/comments?post=2439"}],"version-history":[{"count":7,"href":"https:\/\/zun-schweiz.ch\/it\/wp-json\/wp\/v2\/posts\/2439\/revisions"}],"predecessor-version":[{"id":3631,"href":"https:\/\/zun-schweiz.ch\/it\/wp-json\/wp\/v2\/posts\/2439\/revisions\/3631"}],"wp:featuredmedia":[{"embeddable":true,"href":"https:\/\/zun-schweiz.ch\/it\/wp-json\/wp\/v2\/media\/2443"}],"wp:attachment":[{"href":"https:\/\/zun-schweiz.ch\/it\/wp-json\/wp\/v2\/media?parent=2439"}],"wp:term":[{"taxonomy":"category","embeddable":true,"href":"https:\/\/zun-schweiz.ch\/it\/wp-json\/wp\/v2\/categories?post=2439"},{"taxonomy":"post_tag","embeddable":true,"href":"https:\/\/zun-schweiz.ch\/it\/wp-json\/wp\/v2\/tags?post=2439"}],"curies":[{"name":"wp","href":"https:\/\/api.w.org\/{rel}","templated":true}]}}