{"id":2498,"date":"2025-02-03T15:18:48","date_gmt":"2025-02-03T15:18:48","guid":{"rendered":"https:\/\/2024.zun-schweiz.ch\/2024\/01\/08\/intervista-allallevatore-katrin-zaugg\/"},"modified":"2025-02-03T15:18:07","modified_gmt":"2025-02-03T15:18:07","slug":"intervista-allallevatore-sebastien-baechler","status":"publish","type":"post","link":"https:\/\/zun-schweiz.ch\/it\/intervista-allallevatore-sebastien-baechler\/","title":{"rendered":"Intervista all&#8217;allevatore S\u00e9bastien Baechler"},"content":{"rendered":"\n<div class=\"wp-block-columns is-layout-flex wp-container-core-columns-is-layout-28f84493 wp-block-columns-is-layout-flex\">\n<div class=\"wp-block-column is-vertically-aligned-center is-layout-flow wp-block-column-is-layout-flow\" style=\"flex-basis:25%\">\n<figure class=\"wp-block-image aligncenter size-full is-resized\"><img fetchpriority=\"high\" decoding=\"async\" width=\"342\" height=\"287\" src=\"https:\/\/zun-schweiz.ch\/wp-content\/uploads\/2024\/01\/logo-2_edited-1.png\" alt=\"\" class=\"wp-image-1157\" style=\"width:89px;height:auto\" srcset=\"https:\/\/zun-schweiz.ch\/wp-content\/uploads\/2024\/01\/logo-2_edited-1.png 342w, https:\/\/zun-schweiz.ch\/wp-content\/uploads\/2024\/01\/logo-2_edited-1-300x252.png 300w\" sizes=\"(max-width: 342px) 100vw, 342px\" \/><\/figure>\n<\/div>\n\n\n\n<div class=\"wp-block-column is-vertically-aligned-center is-layout-flow wp-block-column-is-layout-flow\" style=\"flex-basis:50%\">\n<p><strong>Appenzellese barbuta, Anatra di Pomerania, Oca di Diepholzer<\/strong><\/p>\n<\/div>\n\n\n\n<div class=\"wp-block-column is-layout-flow wp-block-column-is-layout-flow\" style=\"flex-basis:25%\"><\/div>\n<\/div>\n\n\n\n<div class=\"wp-block-columns is-layout-flex wp-container-core-columns-is-layout-28f84493 wp-block-columns-is-layout-flex\">\n<div class=\"wp-block-column is-vertically-aligned-center is-layout-flow wp-block-column-is-layout-flow\" style=\"flex-basis:25%\">\n<figure class=\"wp-block-image aligncenter size-full is-resized\"><img decoding=\"async\" width=\"512\" height=\"512\" src=\"https:\/\/zun-schweiz.ch\/wp-content\/uploads\/2024\/01\/ort.png\" alt=\"\" class=\"wp-image-1159\" style=\"width:40px;height:auto\" srcset=\"https:\/\/zun-schweiz.ch\/wp-content\/uploads\/2024\/01\/ort.png 512w, https:\/\/zun-schweiz.ch\/wp-content\/uploads\/2024\/01\/ort-300x300.png 300w, https:\/\/zun-schweiz.ch\/wp-content\/uploads\/2024\/01\/ort-150x150.png 150w\" sizes=\"(max-width: 512px) 100vw, 512px\" \/><\/figure>\n<\/div>\n\n\n\n<div class=\"wp-block-column is-vertically-aligned-center is-layout-flow wp-block-column-is-layout-flow\" style=\"flex-basis:50%\">\n<p><strong>1745 Lentigny<\/strong><\/p>\n<\/div>\n\n\n\n<div class=\"wp-block-column is-layout-flow wp-block-column-is-layout-flow\" style=\"flex-basis:25%\"><\/div>\n<\/div>\n\n\n\n<p><\/p>\n\n\n\n<p><strong>Cosa la affascina dell&#8217;allevamento di pollame, dei suoi animali?<\/strong><\/p>\n\n\n\n<p>Si pu\u00f2 dire che ci sono caduta dentro da bambina! Sono stata contagiata dal \u201cvirus dei polli\u201d da mia nonna paterna&#8230; All&#8217;epoca avevo tre anni e raccoglievo polli che erano destinati alla pentola o addirittura alle volpi. I miei primi risultati nell&#8217;allevamento del pollame erano promettenti. Quando compii cinque anni, chiesi ai miei genitori i miei primi polli di razza. Ricorder\u00f2 per tutta la vita come i miei tre polli arrivarono per posta in una bella scatola dal Ticino. Scoprii l&#8217;Appenzeller Spitzhaubenhuhn per caso: un contadino del paese ne possedeva un bellissimo esemplare. Per il mio settimo compleanno, ruppi il mio salvadanaio e mi comprai 20 uova, destinate all&#8217;incubatrice. Si pu\u00f2 dire che mi innamorai perdutamente di questa razza. La storia \u00e8 durata ben quindici anni. Durante questo periodo, ho vissuto molti fallimenti e delusioni. Ma ci sono state anche molte gioie e grandi soddisfazioni. Molti animali del mio programma di allevamento sono stati sparsi in tutta la Svizzera e persino oltre i nostri confini. Il mio pi\u00f9 grande successo \u00e8 stato alla mostra cantonale di Friburgo nel 2013; i miei tre animali esposti hanno ottenuto 96 punti. Una razza che per me non ha pi\u00f9 segreti, sia per la forma che per i diversi colori.<\/p>\n\n\n\n<p>In seguito ho provato la gallina svizzera, una bella scoperta, anche se ho trovato le uova un po&#8217; leggere e il consumo di mangime elevato.<\/p>\n\n\n\n<p>Ora dovevo provare il pollo barbuto dell&#8217;Appenzello&#8230; Questa razza mi sorprende di giorno in giorno, sia in termini di temperamento che di prestazioni di deposizione. Una deposizione molto precoce e uova di dimensioni pi\u00f9 che ragionevoli. Una scoperta davvero piacevole, una razza che a mio avviso ha un potenziale economico da non sottovalutare. \u00c8 importante cercare di rendere redditizie tutte le nostre razze ZUN. Sia per l&#8217;utilizzo delle carcasse, sia per le prestazioni delle ovaiole. Nella nostra azienda agricola abbiamo istituito una vendita diretta di uova. I nostri clienti possono acquistare uova di galline Lohmann marroni, Appenzeller barbuti, anatre di Pomerania e, stagionalmente, uova di oche Diepholz. Un&#8217;ampia scelta che ci permette di distinguerci dalla massa in questo settore.<\/p>\n\n\n\n<p><strong>Il mio consiglio di allevamento per i soci ZUN:<\/strong><\/p>\n\n\n\n<p>Prima di decidere una razza, \u00e8 importante parlare con allevatori esperti. Non solo per quanto riguarda le strutture e le stalle, ma anche per quanto riguarda la tecnologia, la gestione della mandria, l&#8217;alimentazione, i requisiti della razza e, in definitiva, ci\u00f2 che vi aspettate da questa razza.<\/p>\n\n\n\n<p>Prestazioni di deposizione &#8211; carne o entrambe e bellezza. Consiglio di iniziare con le uova da cova o i pulcini nati, perch\u00e9 in questo modo si hanno pi\u00f9 animali da selezionare ed \u00e8 meno costoso dal punto di vista finanziario per il futuro allevatore. Anche se i primi risultati non sono cos\u00ec convincenti come si sperava, \u00e8 importante continuare a lavorare per il bene delle nostre razze svizzere.<\/p>\n","protected":false},"excerpt":{"rendered":"<p>Appenzellese barbuta, Anatra di Pomerania, Oca di Diepholzer 1745 Lentigny Cosa la affascina dell&#8217;allevamento di pollame, dei suoi animali? Si pu\u00f2 dire che ci sono caduta dentro da bambina! Sono stata contagiata dal \u201cvirus dei polli\u201d da mia nonna paterna&#8230; All&#8217;epoca avevo tre anni e raccoglievo polli che erano destinati alla pentola o addirittura alle [&hellip;]<\/p>\n","protected":false},"author":4,"featured_media":8337,"comment_status":"open","ping_status":"open","sticky":false,"template":"","format":"standard","meta":{"_acf_changed":false,"_monsterinsights_skip_tracking":false,"_monsterinsights_sitenote_active":false,"_monsterinsights_sitenote_note":"","_monsterinsights_sitenote_category":0,"footnotes":""},"categories":[80,81],"tags":[83],"class_list":["post-2498","post","type-post","status-publish","format-standard","has-post-thumbnail","hentry","category-ritratto","category-ritratto-introduzione","tag-appenzeller-barthuhn-it"],"acf":[],"yoast_head":"<!-- This site is optimized with the Yoast SEO plugin v27.4 - https:\/\/yoast.com\/product\/yoast-seo-wordpress\/ -->\r\n<title>Intervista all&#039;allevatore S\u00e9bastien Baechler - ZUN Schweiz<\/title>\r\n<meta name=\"description\" content=\"Unser Bestreben ist es, die genetische Vielfalt der Schweizer Nutzgefl\u00fcgelrassen als Teil des Kulturerbes der Schweiz durch artgerechte Erhaltungszucht zu bewahren. Wir stellen unseren Mitgliedern nicht nur Fachwissen und Netzwerk zur Verf\u00fcgung, sondern unterst\u00fctzen die Zucht auch aktiv. Gemeinsam sensibilisieren wir die Bev\u00f6lkerung f\u00fcr einen bewussten und respektvollen Umgang mit Natur und Tier.\" \/>\r\n<meta name=\"robots\" content=\"index, follow, max-snippet:-1, max-image-preview:large, max-video-preview:-1\" \/>\r\n<link rel=\"canonical\" href=\"https:\/\/zun-schweiz.ch\/it\/intervista-allallevatore-sebastien-baechler\/\" \/>\r\n<meta property=\"og:locale\" content=\"it_IT\" \/>\r\n<meta property=\"og:type\" content=\"article\" \/>\r\n<meta property=\"og:title\" content=\"Intervista all&#039;allevatore S\u00e9bastien Baechler - ZUN Schweiz\" \/>\r\n<meta property=\"og:description\" content=\"Unser Bestreben ist es, die genetische Vielfalt der Schweizer Nutzgefl\u00fcgelrassen als Teil des Kulturerbes der Schweiz durch artgerechte Erhaltungszucht zu bewahren. Wir stellen unseren Mitgliedern nicht nur Fachwissen und Netzwerk zur Verf\u00fcgung, sondern unterst\u00fctzen die Zucht auch aktiv. Gemeinsam sensibilisieren wir die Bev\u00f6lkerung f\u00fcr einen bewussten und respektvollen Umgang mit Natur und Tier.\" \/>\r\n<meta property=\"og:url\" content=\"https:\/\/zun-schweiz.ch\/it\/intervista-allallevatore-sebastien-baechler\/\" \/>\r\n<meta property=\"og:site_name\" content=\"ZUN Schweiz\" \/>\r\n<meta property=\"article:publisher\" content=\"https:\/\/www.facebook.com\/zunschweiz.ch\/\" \/>\r\n<meta property=\"article:published_time\" content=\"2025-02-03T15:18:48+00:00\" \/>\r\n<meta property=\"og:image\" content=\"https:\/\/zun-schweiz.ch\/wp-content\/uploads\/2024\/01\/Danae-Perrin-s-scaled.jpg\" \/>\r\n\t<meta property=\"og:image:width\" content=\"1969\" \/>\r\n\t<meta property=\"og:image:height\" content=\"2560\" \/>\r\n\t<meta property=\"og:image:type\" content=\"image\/jpeg\" \/>\r\n<meta name=\"author\" content=\"Yasmin Spengler\" \/>\r\n<meta name=\"twitter:card\" content=\"summary_large_image\" \/>\r\n<meta name=\"twitter:label1\" content=\"Scritto da\" \/>\n\t<meta name=\"twitter:data1\" content=\"Yasmin Spengler\" \/>\n\t<meta name=\"twitter:label2\" content=\"Tempo di lettura stimato\" \/>\n\t<meta name=\"twitter:data2\" content=\"4 minuti\" \/>\r\n<script type=\"application\/ld+json\" class=\"yoast-schema-graph\">{\"@context\":\"https:\\\/\\\/schema.org\",\"@graph\":[{\"@type\":\"Article\",\"@id\":\"https:\\\/\\\/zun-schweiz.ch\\\/it\\\/intervista-allallevatore-sebastien-baechler\\\/#article\",\"isPartOf\":{\"@id\":\"https:\\\/\\\/zun-schweiz.ch\\\/it\\\/intervista-allallevatore-sebastien-baechler\\\/\"},\"author\":{\"name\":\"Yasmin Spengler\",\"@id\":\"https:\\\/\\\/zun-schweiz.ch\\\/#\\\/schema\\\/person\\\/ed0fab7a7b40e6d9c4deae4987dbb038\"},\"headline\":\"Intervista all&#8217;allevatore S\u00e9bastien Baechler\",\"datePublished\":\"2025-02-03T15:18:48+00:00\",\"mainEntityOfPage\":{\"@id\":\"https:\\\/\\\/zun-schweiz.ch\\\/it\\\/intervista-allallevatore-sebastien-baechler\\\/\"},\"wordCount\":498,\"commentCount\":0,\"publisher\":{\"@id\":\"https:\\\/\\\/zun-schweiz.ch\\\/#organization\"},\"image\":{\"@id\":\"https:\\\/\\\/zun-schweiz.ch\\\/it\\\/intervista-allallevatore-sebastien-baechler\\\/#primaryimage\"},\"thumbnailUrl\":\"https:\\\/\\\/zun-schweiz.ch\\\/wp-content\\\/uploads\\\/2024\\\/01\\\/Danae-Perrin-s-scaled.jpg\",\"keywords\":[\"Appenzeller Barthuhn\"],\"articleSection\":[\"Ritratto\",\"Ritratto Introduzione\"],\"inLanguage\":\"it-IT\",\"potentialAction\":[{\"@type\":\"CommentAction\",\"name\":\"Comment\",\"target\":[\"https:\\\/\\\/zun-schweiz.ch\\\/it\\\/intervista-allallevatore-sebastien-baechler\\\/#respond\"]}]},{\"@type\":\"WebPage\",\"@id\":\"https:\\\/\\\/zun-schweiz.ch\\\/it\\\/intervista-allallevatore-sebastien-baechler\\\/\",\"url\":\"https:\\\/\\\/zun-schweiz.ch\\\/it\\\/intervista-allallevatore-sebastien-baechler\\\/\",\"name\":\"Intervista all'allevatore S\u00e9bastien Baechler - ZUN Schweiz\",\"isPartOf\":{\"@id\":\"https:\\\/\\\/zun-schweiz.ch\\\/#website\"},\"primaryImageOfPage\":{\"@id\":\"https:\\\/\\\/zun-schweiz.ch\\\/it\\\/intervista-allallevatore-sebastien-baechler\\\/#primaryimage\"},\"image\":{\"@id\":\"https:\\\/\\\/zun-schweiz.ch\\\/it\\\/intervista-allallevatore-sebastien-baechler\\\/#primaryimage\"},\"thumbnailUrl\":\"https:\\\/\\\/zun-schweiz.ch\\\/wp-content\\\/uploads\\\/2024\\\/01\\\/Danae-Perrin-s-scaled.jpg\",\"datePublished\":\"2025-02-03T15:18:48+00:00\",\"description\":\"Unser Bestreben ist es, die genetische Vielfalt der Schweizer Nutzgefl\u00fcgelrassen als Teil des Kulturerbes der Schweiz durch artgerechte Erhaltungszucht zu bewahren. Wir stellen unseren Mitgliedern nicht nur Fachwissen und Netzwerk zur Verf\u00fcgung, sondern unterst\u00fctzen die Zucht auch aktiv. Gemeinsam sensibilisieren wir die Bev\u00f6lkerung f\u00fcr einen bewussten und respektvollen Umgang mit Natur und Tier.\",\"breadcrumb\":{\"@id\":\"https:\\\/\\\/zun-schweiz.ch\\\/it\\\/intervista-allallevatore-sebastien-baechler\\\/#breadcrumb\"},\"inLanguage\":\"it-IT\",\"potentialAction\":[{\"@type\":\"ReadAction\",\"target\":[\"https:\\\/\\\/zun-schweiz.ch\\\/it\\\/intervista-allallevatore-sebastien-baechler\\\/\"]}]},{\"@type\":\"ImageObject\",\"inLanguage\":\"it-IT\",\"@id\":\"https:\\\/\\\/zun-schweiz.ch\\\/it\\\/intervista-allallevatore-sebastien-baechler\\\/#primaryimage\",\"url\":\"https:\\\/\\\/zun-schweiz.ch\\\/wp-content\\\/uploads\\\/2024\\\/01\\\/Danae-Perrin-s-scaled.jpg\",\"contentUrl\":\"https:\\\/\\\/zun-schweiz.ch\\\/wp-content\\\/uploads\\\/2024\\\/01\\\/Danae-Perrin-s-scaled.jpg\",\"width\":1969,\"height\":2560},{\"@type\":\"BreadcrumbList\",\"@id\":\"https:\\\/\\\/zun-schweiz.ch\\\/it\\\/intervista-allallevatore-sebastien-baechler\\\/#breadcrumb\",\"itemListElement\":[{\"@type\":\"ListItem\",\"position\":1,\"name\":\"Startseite\",\"item\":\"https:\\\/\\\/zun-schweiz.ch\\\/it\\\/casa\\\/\"},{\"@type\":\"ListItem\",\"position\":2,\"name\":\"Intervista all&#8217;allevatore S\u00e9bastien Baechler\"}]},{\"@type\":\"WebSite\",\"@id\":\"https:\\\/\\\/zun-schweiz.ch\\\/#website\",\"url\":\"https:\\\/\\\/zun-schweiz.ch\\\/\",\"name\":\"ZUN Schweiz\",\"description\":\"\",\"publisher\":{\"@id\":\"https:\\\/\\\/zun-schweiz.ch\\\/#organization\"},\"potentialAction\":[{\"@type\":\"SearchAction\",\"target\":{\"@type\":\"EntryPoint\",\"urlTemplate\":\"https:\\\/\\\/zun-schweiz.ch\\\/?s={search_term_string}\"},\"query-input\":{\"@type\":\"PropertyValueSpecification\",\"valueRequired\":true,\"valueName\":\"search_term_string\"}}],\"inLanguage\":\"it-IT\"},{\"@type\":\"Organization\",\"@id\":\"https:\\\/\\\/zun-schweiz.ch\\\/#organization\",\"name\":\"ZUN Schweiz\",\"url\":\"https:\\\/\\\/zun-schweiz.ch\\\/\",\"logo\":{\"@type\":\"ImageObject\",\"inLanguage\":\"it-IT\",\"@id\":\"https:\\\/\\\/zun-schweiz.ch\\\/#\\\/schema\\\/logo\\\/image\\\/\",\"url\":\"https:\\\/\\\/zun-schweiz.ch\\\/wp-content\\\/uploads\\\/2023\\\/11\\\/zun_091031_cmyk-07.jpg\",\"contentUrl\":\"https:\\\/\\\/zun-schweiz.ch\\\/wp-content\\\/uploads\\\/2023\\\/11\\\/zun_091031_cmyk-07.jpg\",\"width\":2378,\"height\":820,\"caption\":\"ZUN Schweiz\"},\"image\":{\"@id\":\"https:\\\/\\\/zun-schweiz.ch\\\/#\\\/schema\\\/logo\\\/image\\\/\"},\"sameAs\":[\"https:\\\/\\\/www.facebook.com\\\/zunschweiz.ch\\\/\",\"https:\\\/\\\/www.instagram.com\\\/zun_schweiz\\\/?hl=en\"]},{\"@type\":\"Person\",\"@id\":\"https:\\\/\\\/zun-schweiz.ch\\\/#\\\/schema\\\/person\\\/ed0fab7a7b40e6d9c4deae4987dbb038\",\"name\":\"Yasmin Spengler\",\"image\":{\"@type\":\"ImageObject\",\"inLanguage\":\"it-IT\",\"@id\":\"https:\\\/\\\/secure.gravatar.com\\\/avatar\\\/dfe395caa43fd21a0d123bcfd63cb144b03a96797855c9da8b81b857bbea7423?s=96&d=mm&r=g\",\"url\":\"https:\\\/\\\/secure.gravatar.com\\\/avatar\\\/dfe395caa43fd21a0d123bcfd63cb144b03a96797855c9da8b81b857bbea7423?s=96&d=mm&r=g\",\"contentUrl\":\"https:\\\/\\\/secure.gravatar.com\\\/avatar\\\/dfe395caa43fd21a0d123bcfd63cb144b03a96797855c9da8b81b857bbea7423?s=96&d=mm&r=g\",\"caption\":\"Yasmin Spengler\"},\"url\":\"https:\\\/\\\/zun-schweiz.ch\\\/it\\\/author\\\/yasmin-spengler\\\/\"}]}<\/script>\r\n<!-- \/ Yoast SEO plugin. -->","yoast_head_json":{"title":"Intervista all'allevatore S\u00e9bastien Baechler - ZUN Schweiz","description":"Unser Bestreben ist es, die genetische Vielfalt der Schweizer Nutzgefl\u00fcgelrassen als Teil des Kulturerbes der Schweiz durch artgerechte Erhaltungszucht zu bewahren. Wir stellen unseren Mitgliedern nicht nur Fachwissen und Netzwerk zur Verf\u00fcgung, sondern unterst\u00fctzen die Zucht auch aktiv. Gemeinsam sensibilisieren wir die Bev\u00f6lkerung f\u00fcr einen bewussten und respektvollen Umgang mit Natur und Tier.","robots":{"index":"index","follow":"follow","max-snippet":"max-snippet:-1","max-image-preview":"max-image-preview:large","max-video-preview":"max-video-preview:-1"},"canonical":"https:\/\/zun-schweiz.ch\/it\/intervista-allallevatore-sebastien-baechler\/","og_locale":"it_IT","og_type":"article","og_title":"Intervista all'allevatore S\u00e9bastien Baechler - ZUN Schweiz","og_description":"Unser Bestreben ist es, die genetische Vielfalt der Schweizer Nutzgefl\u00fcgelrassen als Teil des Kulturerbes der Schweiz durch artgerechte Erhaltungszucht zu bewahren. Wir stellen unseren Mitgliedern nicht nur Fachwissen und Netzwerk zur Verf\u00fcgung, sondern unterst\u00fctzen die Zucht auch aktiv. Gemeinsam sensibilisieren wir die Bev\u00f6lkerung f\u00fcr einen bewussten und respektvollen Umgang mit Natur und Tier.","og_url":"https:\/\/zun-schweiz.ch\/it\/intervista-allallevatore-sebastien-baechler\/","og_site_name":"ZUN Schweiz","article_publisher":"https:\/\/www.facebook.com\/zunschweiz.ch\/","article_published_time":"2025-02-03T15:18:48+00:00","og_image":[{"width":1969,"height":2560,"url":"https:\/\/zun-schweiz.ch\/wp-content\/uploads\/2024\/01\/Danae-Perrin-s-scaled.jpg","type":"image\/jpeg"}],"author":"Yasmin Spengler","twitter_card":"summary_large_image","twitter_misc":{"Scritto da":"Yasmin Spengler","Tempo di lettura stimato":"4 minuti"},"schema":{"@context":"https:\/\/schema.org","@graph":[{"@type":"Article","@id":"https:\/\/zun-schweiz.ch\/it\/intervista-allallevatore-sebastien-baechler\/#article","isPartOf":{"@id":"https:\/\/zun-schweiz.ch\/it\/intervista-allallevatore-sebastien-baechler\/"},"author":{"name":"Yasmin Spengler","@id":"https:\/\/zun-schweiz.ch\/#\/schema\/person\/ed0fab7a7b40e6d9c4deae4987dbb038"},"headline":"Intervista all&#8217;allevatore S\u00e9bastien Baechler","datePublished":"2025-02-03T15:18:48+00:00","mainEntityOfPage":{"@id":"https:\/\/zun-schweiz.ch\/it\/intervista-allallevatore-sebastien-baechler\/"},"wordCount":498,"commentCount":0,"publisher":{"@id":"https:\/\/zun-schweiz.ch\/#organization"},"image":{"@id":"https:\/\/zun-schweiz.ch\/it\/intervista-allallevatore-sebastien-baechler\/#primaryimage"},"thumbnailUrl":"https:\/\/zun-schweiz.ch\/wp-content\/uploads\/2024\/01\/Danae-Perrin-s-scaled.jpg","keywords":["Appenzeller Barthuhn"],"articleSection":["Ritratto","Ritratto Introduzione"],"inLanguage":"it-IT","potentialAction":[{"@type":"CommentAction","name":"Comment","target":["https:\/\/zun-schweiz.ch\/it\/intervista-allallevatore-sebastien-baechler\/#respond"]}]},{"@type":"WebPage","@id":"https:\/\/zun-schweiz.ch\/it\/intervista-allallevatore-sebastien-baechler\/","url":"https:\/\/zun-schweiz.ch\/it\/intervista-allallevatore-sebastien-baechler\/","name":"Intervista all'allevatore S\u00e9bastien Baechler - ZUN Schweiz","isPartOf":{"@id":"https:\/\/zun-schweiz.ch\/#website"},"primaryImageOfPage":{"@id":"https:\/\/zun-schweiz.ch\/it\/intervista-allallevatore-sebastien-baechler\/#primaryimage"},"image":{"@id":"https:\/\/zun-schweiz.ch\/it\/intervista-allallevatore-sebastien-baechler\/#primaryimage"},"thumbnailUrl":"https:\/\/zun-schweiz.ch\/wp-content\/uploads\/2024\/01\/Danae-Perrin-s-scaled.jpg","datePublished":"2025-02-03T15:18:48+00:00","description":"Unser Bestreben ist es, die genetische Vielfalt der Schweizer Nutzgefl\u00fcgelrassen als Teil des Kulturerbes der Schweiz durch artgerechte Erhaltungszucht zu bewahren. Wir stellen unseren Mitgliedern nicht nur Fachwissen und Netzwerk zur Verf\u00fcgung, sondern unterst\u00fctzen die Zucht auch aktiv. Gemeinsam sensibilisieren wir die Bev\u00f6lkerung f\u00fcr einen bewussten und respektvollen Umgang mit Natur und Tier.","breadcrumb":{"@id":"https:\/\/zun-schweiz.ch\/it\/intervista-allallevatore-sebastien-baechler\/#breadcrumb"},"inLanguage":"it-IT","potentialAction":[{"@type":"ReadAction","target":["https:\/\/zun-schweiz.ch\/it\/intervista-allallevatore-sebastien-baechler\/"]}]},{"@type":"ImageObject","inLanguage":"it-IT","@id":"https:\/\/zun-schweiz.ch\/it\/intervista-allallevatore-sebastien-baechler\/#primaryimage","url":"https:\/\/zun-schweiz.ch\/wp-content\/uploads\/2024\/01\/Danae-Perrin-s-scaled.jpg","contentUrl":"https:\/\/zun-schweiz.ch\/wp-content\/uploads\/2024\/01\/Danae-Perrin-s-scaled.jpg","width":1969,"height":2560},{"@type":"BreadcrumbList","@id":"https:\/\/zun-schweiz.ch\/it\/intervista-allallevatore-sebastien-baechler\/#breadcrumb","itemListElement":[{"@type":"ListItem","position":1,"name":"Startseite","item":"https:\/\/zun-schweiz.ch\/it\/casa\/"},{"@type":"ListItem","position":2,"name":"Intervista all&#8217;allevatore S\u00e9bastien Baechler"}]},{"@type":"WebSite","@id":"https:\/\/zun-schweiz.ch\/#website","url":"https:\/\/zun-schweiz.ch\/","name":"ZUN Schweiz","description":"","publisher":{"@id":"https:\/\/zun-schweiz.ch\/#organization"},"potentialAction":[{"@type":"SearchAction","target":{"@type":"EntryPoint","urlTemplate":"https:\/\/zun-schweiz.ch\/?s={search_term_string}"},"query-input":{"@type":"PropertyValueSpecification","valueRequired":true,"valueName":"search_term_string"}}],"inLanguage":"it-IT"},{"@type":"Organization","@id":"https:\/\/zun-schweiz.ch\/#organization","name":"ZUN Schweiz","url":"https:\/\/zun-schweiz.ch\/","logo":{"@type":"ImageObject","inLanguage":"it-IT","@id":"https:\/\/zun-schweiz.ch\/#\/schema\/logo\/image\/","url":"https:\/\/zun-schweiz.ch\/wp-content\/uploads\/2023\/11\/zun_091031_cmyk-07.jpg","contentUrl":"https:\/\/zun-schweiz.ch\/wp-content\/uploads\/2023\/11\/zun_091031_cmyk-07.jpg","width":2378,"height":820,"caption":"ZUN Schweiz"},"image":{"@id":"https:\/\/zun-schweiz.ch\/#\/schema\/logo\/image\/"},"sameAs":["https:\/\/www.facebook.com\/zunschweiz.ch\/","https:\/\/www.instagram.com\/zun_schweiz\/?hl=en"]},{"@type":"Person","@id":"https:\/\/zun-schweiz.ch\/#\/schema\/person\/ed0fab7a7b40e6d9c4deae4987dbb038","name":"Yasmin Spengler","image":{"@type":"ImageObject","inLanguage":"it-IT","@id":"https:\/\/secure.gravatar.com\/avatar\/dfe395caa43fd21a0d123bcfd63cb144b03a96797855c9da8b81b857bbea7423?s=96&d=mm&r=g","url":"https:\/\/secure.gravatar.com\/avatar\/dfe395caa43fd21a0d123bcfd63cb144b03a96797855c9da8b81b857bbea7423?s=96&d=mm&r=g","contentUrl":"https:\/\/secure.gravatar.com\/avatar\/dfe395caa43fd21a0d123bcfd63cb144b03a96797855c9da8b81b857bbea7423?s=96&d=mm&r=g","caption":"Yasmin Spengler"},"url":"https:\/\/zun-schweiz.ch\/it\/author\/yasmin-spengler\/"}]}},"_links":{"self":[{"href":"https:\/\/zun-schweiz.ch\/it\/wp-json\/wp\/v2\/posts\/2498","targetHints":{"allow":["GET"]}}],"collection":[{"href":"https:\/\/zun-schweiz.ch\/it\/wp-json\/wp\/v2\/posts"}],"about":[{"href":"https:\/\/zun-schweiz.ch\/it\/wp-json\/wp\/v2\/types\/post"}],"author":[{"embeddable":true,"href":"https:\/\/zun-schweiz.ch\/it\/wp-json\/wp\/v2\/users\/4"}],"replies":[{"embeddable":true,"href":"https:\/\/zun-schweiz.ch\/it\/wp-json\/wp\/v2\/comments?post=2498"}],"version-history":[{"count":6,"href":"https:\/\/zun-schweiz.ch\/it\/wp-json\/wp\/v2\/posts\/2498\/revisions"}],"predecessor-version":[{"id":8343,"href":"https:\/\/zun-schweiz.ch\/it\/wp-json\/wp\/v2\/posts\/2498\/revisions\/8343"}],"wp:featuredmedia":[{"embeddable":true,"href":"https:\/\/zun-schweiz.ch\/it\/wp-json\/wp\/v2\/media\/8337"}],"wp:attachment":[{"href":"https:\/\/zun-schweiz.ch\/it\/wp-json\/wp\/v2\/media?parent=2498"}],"wp:term":[{"taxonomy":"category","embeddable":true,"href":"https:\/\/zun-schweiz.ch\/it\/wp-json\/wp\/v2\/categories?post=2498"},{"taxonomy":"post_tag","embeddable":true,"href":"https:\/\/zun-schweiz.ch\/it\/wp-json\/wp\/v2\/tags?post=2498"}],"curies":[{"name":"wp","href":"https:\/\/api.w.org\/{rel}","templated":true}]}}