{"id":2514,"date":"2025-01-01T13:56:09","date_gmt":"2025-01-01T13:56:09","guid":{"rendered":"https:\/\/2024.zun-schweiz.ch\/2024\/01\/23\/prezzo-di-macellazione\/"},"modified":"2024-12-16T10:36:21","modified_gmt":"2024-12-16T10:36:21","slug":"prezzo-di-macellazione","status":"publish","type":"post","link":"https:\/\/zun-schweiz.ch\/it\/prezzo-di-macellazione\/","title":{"rendered":"Prezzo di macellazione"},"content":{"rendered":"\n<p><strong>7. &#8211; 8 settembre 2024<\/strong><\/p>\n\n<p>Il corso di macellazione di pollame all&#8217;Alpe Soladino offre una formazione completa sulla macellazione professionale ed etica di polli e galli. Questo corso \u00e8 rivolto agli allevatori di pollame, agli agricoltori e a chiunque sia coinvolto nell&#8217;allevamento di polli per il proprio consumo. La nostra attenzione si concentra sullo svolgimento del processo di macellazione in modo rispettoso, igienico e conforme agli standard etici.<\/p>\n\n<p><strong>max. Numero di partecipanti:<\/strong>  15 persone<\/p>\n\n<p><strong>Direttore del corso:<\/strong> Sepp Nussbaumer<\/p>\n\n<div class=\"wp-block-buttons is-layout-flex wp-block-buttons-is-layout-flex\">\n<div class=\"wp-block-button\"><a class=\"wp-block-button__link wp-element-button\" href=\"https:\/\/www.alpesoladino.ch\/schlachtkurs\" target=\"_blank\" rel=\"noreferrer noopener\">Ulteriori informazioni e registrazione<\/a><\/div>\n<\/div>\n","protected":false},"excerpt":{"rendered":"<p>Il corso di macellazione di pollame all&#8217;Alpe Soladino offre una formazione completa sulla macellazione professionale ed etica di polli e galli. Questo corso \u00e8 rivolto agli allevatori di pollame, agli agricoltori e a chiunque sia coinvolto nell&#8217;allevamento di polli per il proprio consumo.<\/p>\n","protected":false},"author":4,"featured_media":3153,"comment_status":"open","ping_status":"open","sticky":false,"template":"","format":"standard","meta":{"_acf_changed":false,"_monsterinsights_skip_tracking":false,"_monsterinsights_sitenote_active":false,"_monsterinsights_sitenote_note":"","_monsterinsights_sitenote_category":0,"footnotes":""},"categories":[88],"tags":[98,99],"class_list":["post-2514","post","type-post","status-publish","format-standard","has-post-thumbnail","hentry","category-eventi","tag-macellazione","tag-utilizzo-della-carne"],"acf":[],"yoast_head":"<!-- This site is optimized with the Yoast SEO plugin v27.4 - https:\/\/yoast.com\/product\/yoast-seo-wordpress\/ -->\r\n<title>Prezzo di macellazione - ZUN Schweiz<\/title>\r\n<meta name=\"description\" content=\"Unser Bestreben ist es, die genetische Vielfalt der Schweizer Nutzgefl\u00fcgelrassen als Teil des Kulturerbes der Schweiz durch artgerechte Erhaltungszucht zu bewahren. Wir stellen unseren Mitgliedern nicht nur Fachwissen und Netzwerk zur Verf\u00fcgung, sondern unterst\u00fctzen die Zucht auch aktiv. Gemeinsam sensibilisieren wir die Bev\u00f6lkerung f\u00fcr einen bewussten und respektvollen Umgang mit Natur und Tier.\" \/>\r\n<meta name=\"robots\" content=\"index, follow, max-snippet:-1, max-image-preview:large, max-video-preview:-1\" \/>\r\n<link rel=\"canonical\" href=\"https:\/\/zun-schweiz.ch\/it\/prezzo-di-macellazione\/\" \/>\r\n<meta property=\"og:locale\" content=\"it_IT\" \/>\r\n<meta property=\"og:type\" content=\"article\" \/>\r\n<meta property=\"og:title\" content=\"Prezzo di macellazione - ZUN Schweiz\" \/>\r\n<meta property=\"og:description\" content=\"Unser Bestreben ist es, die genetische Vielfalt der Schweizer Nutzgefl\u00fcgelrassen als Teil des Kulturerbes der Schweiz durch artgerechte Erhaltungszucht zu bewahren. Wir stellen unseren Mitgliedern nicht nur Fachwissen und Netzwerk zur Verf\u00fcgung, sondern unterst\u00fctzen die Zucht auch aktiv. Gemeinsam sensibilisieren wir die Bev\u00f6lkerung f\u00fcr einen bewussten und respektvollen Umgang mit Natur und Tier.\" \/>\r\n<meta property=\"og:url\" content=\"https:\/\/zun-schweiz.ch\/it\/prezzo-di-macellazione\/\" \/>\r\n<meta property=\"og:site_name\" content=\"ZUN Schweiz\" \/>\r\n<meta property=\"article:publisher\" content=\"https:\/\/www.facebook.com\/zunschweiz.ch\/\" \/>\r\n<meta property=\"article:published_time\" content=\"2025-01-01T13:56:09+00:00\" \/>\r\n<meta property=\"og:image\" content=\"https:\/\/zun-schweiz.ch\/wp-content\/uploads\/2024\/01\/IMG_7188-scaled.jpg\" \/>\r\n\t<meta property=\"og:image:width\" content=\"2560\" \/>\r\n\t<meta property=\"og:image:height\" content=\"1920\" \/>\r\n\t<meta property=\"og:image:type\" content=\"image\/jpeg\" \/>\r\n<meta name=\"author\" content=\"Yasmin Spengler\" \/>\r\n<meta name=\"twitter:card\" content=\"summary_large_image\" \/>\r\n<meta name=\"twitter:label1\" content=\"Scritto da\" \/>\n\t<meta name=\"twitter:data1\" content=\"Yasmin Spengler\" \/>\r\n<script type=\"application\/ld+json\" class=\"yoast-schema-graph\">{\"@context\":\"https:\\\/\\\/schema.org\",\"@graph\":[{\"@type\":\"Article\",\"@id\":\"https:\\\/\\\/zun-schweiz.ch\\\/it\\\/prezzo-di-macellazione\\\/#article\",\"isPartOf\":{\"@id\":\"https:\\\/\\\/zun-schweiz.ch\\\/it\\\/prezzo-di-macellazione\\\/\"},\"author\":{\"name\":\"Yasmin Spengler\",\"@id\":\"https:\\\/\\\/zun-schweiz.ch\\\/#\\\/schema\\\/person\\\/ed0fab7a7b40e6d9c4deae4987dbb038\"},\"headline\":\"Prezzo di macellazione\",\"datePublished\":\"2025-01-01T13:56:09+00:00\",\"mainEntityOfPage\":{\"@id\":\"https:\\\/\\\/zun-schweiz.ch\\\/it\\\/prezzo-di-macellazione\\\/\"},\"wordCount\":83,\"commentCount\":0,\"publisher\":{\"@id\":\"https:\\\/\\\/zun-schweiz.ch\\\/#organization\"},\"image\":{\"@id\":\"https:\\\/\\\/zun-schweiz.ch\\\/it\\\/prezzo-di-macellazione\\\/#primaryimage\"},\"thumbnailUrl\":\"https:\\\/\\\/zun-schweiz.ch\\\/wp-content\\\/uploads\\\/2024\\\/01\\\/IMG_7188-scaled.jpg\",\"keywords\":[\"Macellazione\",\"Utilizzo della carne\"],\"articleSection\":[\"Eventi\"],\"inLanguage\":\"it-IT\",\"potentialAction\":[{\"@type\":\"CommentAction\",\"name\":\"Comment\",\"target\":[\"https:\\\/\\\/zun-schweiz.ch\\\/it\\\/prezzo-di-macellazione\\\/#respond\"]}]},{\"@type\":\"WebPage\",\"@id\":\"https:\\\/\\\/zun-schweiz.ch\\\/it\\\/prezzo-di-macellazione\\\/\",\"url\":\"https:\\\/\\\/zun-schweiz.ch\\\/it\\\/prezzo-di-macellazione\\\/\",\"name\":\"Prezzo di macellazione - ZUN Schweiz\",\"isPartOf\":{\"@id\":\"https:\\\/\\\/zun-schweiz.ch\\\/#website\"},\"primaryImageOfPage\":{\"@id\":\"https:\\\/\\\/zun-schweiz.ch\\\/it\\\/prezzo-di-macellazione\\\/#primaryimage\"},\"image\":{\"@id\":\"https:\\\/\\\/zun-schweiz.ch\\\/it\\\/prezzo-di-macellazione\\\/#primaryimage\"},\"thumbnailUrl\":\"https:\\\/\\\/zun-schweiz.ch\\\/wp-content\\\/uploads\\\/2024\\\/01\\\/IMG_7188-scaled.jpg\",\"datePublished\":\"2025-01-01T13:56:09+00:00\",\"description\":\"Unser Bestreben ist es, die genetische Vielfalt der Schweizer Nutzgefl\u00fcgelrassen als Teil des Kulturerbes der Schweiz durch artgerechte Erhaltungszucht zu bewahren. Wir stellen unseren Mitgliedern nicht nur Fachwissen und Netzwerk zur Verf\u00fcgung, sondern unterst\u00fctzen die Zucht auch aktiv. Gemeinsam sensibilisieren wir die Bev\u00f6lkerung f\u00fcr einen bewussten und respektvollen Umgang mit Natur und Tier.\",\"breadcrumb\":{\"@id\":\"https:\\\/\\\/zun-schweiz.ch\\\/it\\\/prezzo-di-macellazione\\\/#breadcrumb\"},\"inLanguage\":\"it-IT\",\"potentialAction\":[{\"@type\":\"ReadAction\",\"target\":[\"https:\\\/\\\/zun-schweiz.ch\\\/it\\\/prezzo-di-macellazione\\\/\"]}]},{\"@type\":\"ImageObject\",\"inLanguage\":\"it-IT\",\"@id\":\"https:\\\/\\\/zun-schweiz.ch\\\/it\\\/prezzo-di-macellazione\\\/#primaryimage\",\"url\":\"https:\\\/\\\/zun-schweiz.ch\\\/wp-content\\\/uploads\\\/2024\\\/01\\\/IMG_7188-scaled.jpg\",\"contentUrl\":\"https:\\\/\\\/zun-schweiz.ch\\\/wp-content\\\/uploads\\\/2024\\\/01\\\/IMG_7188-scaled.jpg\",\"width\":2560,\"height\":1920},{\"@type\":\"BreadcrumbList\",\"@id\":\"https:\\\/\\\/zun-schweiz.ch\\\/it\\\/prezzo-di-macellazione\\\/#breadcrumb\",\"itemListElement\":[{\"@type\":\"ListItem\",\"position\":1,\"name\":\"Startseite\",\"item\":\"https:\\\/\\\/zun-schweiz.ch\\\/it\\\/casa\\\/\"},{\"@type\":\"ListItem\",\"position\":2,\"name\":\"Prezzo di macellazione\"}]},{\"@type\":\"WebSite\",\"@id\":\"https:\\\/\\\/zun-schweiz.ch\\\/#website\",\"url\":\"https:\\\/\\\/zun-schweiz.ch\\\/\",\"name\":\"ZUN Schweiz\",\"description\":\"\",\"publisher\":{\"@id\":\"https:\\\/\\\/zun-schweiz.ch\\\/#organization\"},\"potentialAction\":[{\"@type\":\"SearchAction\",\"target\":{\"@type\":\"EntryPoint\",\"urlTemplate\":\"https:\\\/\\\/zun-schweiz.ch\\\/?s={search_term_string}\"},\"query-input\":{\"@type\":\"PropertyValueSpecification\",\"valueRequired\":true,\"valueName\":\"search_term_string\"}}],\"inLanguage\":\"it-IT\"},{\"@type\":\"Organization\",\"@id\":\"https:\\\/\\\/zun-schweiz.ch\\\/#organization\",\"name\":\"ZUN Schweiz\",\"url\":\"https:\\\/\\\/zun-schweiz.ch\\\/\",\"logo\":{\"@type\":\"ImageObject\",\"inLanguage\":\"it-IT\",\"@id\":\"https:\\\/\\\/zun-schweiz.ch\\\/#\\\/schema\\\/logo\\\/image\\\/\",\"url\":\"https:\\\/\\\/zun-schweiz.ch\\\/wp-content\\\/uploads\\\/2023\\\/11\\\/zun_091031_cmyk-07.jpg\",\"contentUrl\":\"https:\\\/\\\/zun-schweiz.ch\\\/wp-content\\\/uploads\\\/2023\\\/11\\\/zun_091031_cmyk-07.jpg\",\"width\":2378,\"height\":820,\"caption\":\"ZUN Schweiz\"},\"image\":{\"@id\":\"https:\\\/\\\/zun-schweiz.ch\\\/#\\\/schema\\\/logo\\\/image\\\/\"},\"sameAs\":[\"https:\\\/\\\/www.facebook.com\\\/zunschweiz.ch\\\/\",\"https:\\\/\\\/www.instagram.com\\\/zun_schweiz\\\/?hl=en\"]},{\"@type\":\"Person\",\"@id\":\"https:\\\/\\\/zun-schweiz.ch\\\/#\\\/schema\\\/person\\\/ed0fab7a7b40e6d9c4deae4987dbb038\",\"name\":\"Yasmin Spengler\",\"image\":{\"@type\":\"ImageObject\",\"inLanguage\":\"it-IT\",\"@id\":\"https:\\\/\\\/secure.gravatar.com\\\/avatar\\\/dfe395caa43fd21a0d123bcfd63cb144b03a96797855c9da8b81b857bbea7423?s=96&d=mm&r=g\",\"url\":\"https:\\\/\\\/secure.gravatar.com\\\/avatar\\\/dfe395caa43fd21a0d123bcfd63cb144b03a96797855c9da8b81b857bbea7423?s=96&d=mm&r=g\",\"contentUrl\":\"https:\\\/\\\/secure.gravatar.com\\\/avatar\\\/dfe395caa43fd21a0d123bcfd63cb144b03a96797855c9da8b81b857bbea7423?s=96&d=mm&r=g\",\"caption\":\"Yasmin Spengler\"},\"url\":\"https:\\\/\\\/zun-schweiz.ch\\\/it\\\/author\\\/yasmin-spengler\\\/\"}]}<\/script>\r\n<!-- \/ Yoast SEO plugin. -->","yoast_head_json":{"title":"Prezzo di macellazione - ZUN Schweiz","description":"Unser Bestreben ist es, die genetische Vielfalt der Schweizer Nutzgefl\u00fcgelrassen als Teil des Kulturerbes der Schweiz durch artgerechte Erhaltungszucht zu bewahren. Wir stellen unseren Mitgliedern nicht nur Fachwissen und Netzwerk zur Verf\u00fcgung, sondern unterst\u00fctzen die Zucht auch aktiv. Gemeinsam sensibilisieren wir die Bev\u00f6lkerung f\u00fcr einen bewussten und respektvollen Umgang mit Natur und Tier.","robots":{"index":"index","follow":"follow","max-snippet":"max-snippet:-1","max-image-preview":"max-image-preview:large","max-video-preview":"max-video-preview:-1"},"canonical":"https:\/\/zun-schweiz.ch\/it\/prezzo-di-macellazione\/","og_locale":"it_IT","og_type":"article","og_title":"Prezzo di macellazione - ZUN Schweiz","og_description":"Unser Bestreben ist es, die genetische Vielfalt der Schweizer Nutzgefl\u00fcgelrassen als Teil des Kulturerbes der Schweiz durch artgerechte Erhaltungszucht zu bewahren. Wir stellen unseren Mitgliedern nicht nur Fachwissen und Netzwerk zur Verf\u00fcgung, sondern unterst\u00fctzen die Zucht auch aktiv. Gemeinsam sensibilisieren wir die Bev\u00f6lkerung f\u00fcr einen bewussten und respektvollen Umgang mit Natur und Tier.","og_url":"https:\/\/zun-schweiz.ch\/it\/prezzo-di-macellazione\/","og_site_name":"ZUN Schweiz","article_publisher":"https:\/\/www.facebook.com\/zunschweiz.ch\/","article_published_time":"2025-01-01T13:56:09+00:00","og_image":[{"width":2560,"height":1920,"url":"https:\/\/zun-schweiz.ch\/wp-content\/uploads\/2024\/01\/IMG_7188-scaled.jpg","type":"image\/jpeg"}],"author":"Yasmin Spengler","twitter_card":"summary_large_image","twitter_misc":{"Scritto da":"Yasmin Spengler"},"schema":{"@context":"https:\/\/schema.org","@graph":[{"@type":"Article","@id":"https:\/\/zun-schweiz.ch\/it\/prezzo-di-macellazione\/#article","isPartOf":{"@id":"https:\/\/zun-schweiz.ch\/it\/prezzo-di-macellazione\/"},"author":{"name":"Yasmin Spengler","@id":"https:\/\/zun-schweiz.ch\/#\/schema\/person\/ed0fab7a7b40e6d9c4deae4987dbb038"},"headline":"Prezzo di macellazione","datePublished":"2025-01-01T13:56:09+00:00","mainEntityOfPage":{"@id":"https:\/\/zun-schweiz.ch\/it\/prezzo-di-macellazione\/"},"wordCount":83,"commentCount":0,"publisher":{"@id":"https:\/\/zun-schweiz.ch\/#organization"},"image":{"@id":"https:\/\/zun-schweiz.ch\/it\/prezzo-di-macellazione\/#primaryimage"},"thumbnailUrl":"https:\/\/zun-schweiz.ch\/wp-content\/uploads\/2024\/01\/IMG_7188-scaled.jpg","keywords":["Macellazione","Utilizzo della carne"],"articleSection":["Eventi"],"inLanguage":"it-IT","potentialAction":[{"@type":"CommentAction","name":"Comment","target":["https:\/\/zun-schweiz.ch\/it\/prezzo-di-macellazione\/#respond"]}]},{"@type":"WebPage","@id":"https:\/\/zun-schweiz.ch\/it\/prezzo-di-macellazione\/","url":"https:\/\/zun-schweiz.ch\/it\/prezzo-di-macellazione\/","name":"Prezzo di macellazione - ZUN Schweiz","isPartOf":{"@id":"https:\/\/zun-schweiz.ch\/#website"},"primaryImageOfPage":{"@id":"https:\/\/zun-schweiz.ch\/it\/prezzo-di-macellazione\/#primaryimage"},"image":{"@id":"https:\/\/zun-schweiz.ch\/it\/prezzo-di-macellazione\/#primaryimage"},"thumbnailUrl":"https:\/\/zun-schweiz.ch\/wp-content\/uploads\/2024\/01\/IMG_7188-scaled.jpg","datePublished":"2025-01-01T13:56:09+00:00","description":"Unser Bestreben ist es, die genetische Vielfalt der Schweizer Nutzgefl\u00fcgelrassen als Teil des Kulturerbes der Schweiz durch artgerechte Erhaltungszucht zu bewahren. Wir stellen unseren Mitgliedern nicht nur Fachwissen und Netzwerk zur Verf\u00fcgung, sondern unterst\u00fctzen die Zucht auch aktiv. Gemeinsam sensibilisieren wir die Bev\u00f6lkerung f\u00fcr einen bewussten und respektvollen Umgang mit Natur und Tier.","breadcrumb":{"@id":"https:\/\/zun-schweiz.ch\/it\/prezzo-di-macellazione\/#breadcrumb"},"inLanguage":"it-IT","potentialAction":[{"@type":"ReadAction","target":["https:\/\/zun-schweiz.ch\/it\/prezzo-di-macellazione\/"]}]},{"@type":"ImageObject","inLanguage":"it-IT","@id":"https:\/\/zun-schweiz.ch\/it\/prezzo-di-macellazione\/#primaryimage","url":"https:\/\/zun-schweiz.ch\/wp-content\/uploads\/2024\/01\/IMG_7188-scaled.jpg","contentUrl":"https:\/\/zun-schweiz.ch\/wp-content\/uploads\/2024\/01\/IMG_7188-scaled.jpg","width":2560,"height":1920},{"@type":"BreadcrumbList","@id":"https:\/\/zun-schweiz.ch\/it\/prezzo-di-macellazione\/#breadcrumb","itemListElement":[{"@type":"ListItem","position":1,"name":"Startseite","item":"https:\/\/zun-schweiz.ch\/it\/casa\/"},{"@type":"ListItem","position":2,"name":"Prezzo di macellazione"}]},{"@type":"WebSite","@id":"https:\/\/zun-schweiz.ch\/#website","url":"https:\/\/zun-schweiz.ch\/","name":"ZUN Schweiz","description":"","publisher":{"@id":"https:\/\/zun-schweiz.ch\/#organization"},"potentialAction":[{"@type":"SearchAction","target":{"@type":"EntryPoint","urlTemplate":"https:\/\/zun-schweiz.ch\/?s={search_term_string}"},"query-input":{"@type":"PropertyValueSpecification","valueRequired":true,"valueName":"search_term_string"}}],"inLanguage":"it-IT"},{"@type":"Organization","@id":"https:\/\/zun-schweiz.ch\/#organization","name":"ZUN Schweiz","url":"https:\/\/zun-schweiz.ch\/","logo":{"@type":"ImageObject","inLanguage":"it-IT","@id":"https:\/\/zun-schweiz.ch\/#\/schema\/logo\/image\/","url":"https:\/\/zun-schweiz.ch\/wp-content\/uploads\/2023\/11\/zun_091031_cmyk-07.jpg","contentUrl":"https:\/\/zun-schweiz.ch\/wp-content\/uploads\/2023\/11\/zun_091031_cmyk-07.jpg","width":2378,"height":820,"caption":"ZUN Schweiz"},"image":{"@id":"https:\/\/zun-schweiz.ch\/#\/schema\/logo\/image\/"},"sameAs":["https:\/\/www.facebook.com\/zunschweiz.ch\/","https:\/\/www.instagram.com\/zun_schweiz\/?hl=en"]},{"@type":"Person","@id":"https:\/\/zun-schweiz.ch\/#\/schema\/person\/ed0fab7a7b40e6d9c4deae4987dbb038","name":"Yasmin Spengler","image":{"@type":"ImageObject","inLanguage":"it-IT","@id":"https:\/\/secure.gravatar.com\/avatar\/dfe395caa43fd21a0d123bcfd63cb144b03a96797855c9da8b81b857bbea7423?s=96&d=mm&r=g","url":"https:\/\/secure.gravatar.com\/avatar\/dfe395caa43fd21a0d123bcfd63cb144b03a96797855c9da8b81b857bbea7423?s=96&d=mm&r=g","contentUrl":"https:\/\/secure.gravatar.com\/avatar\/dfe395caa43fd21a0d123bcfd63cb144b03a96797855c9da8b81b857bbea7423?s=96&d=mm&r=g","caption":"Yasmin Spengler"},"url":"https:\/\/zun-schweiz.ch\/it\/author\/yasmin-spengler\/"}]}},"_links":{"self":[{"href":"https:\/\/zun-schweiz.ch\/it\/wp-json\/wp\/v2\/posts\/2514","targetHints":{"allow":["GET"]}}],"collection":[{"href":"https:\/\/zun-schweiz.ch\/it\/wp-json\/wp\/v2\/posts"}],"about":[{"href":"https:\/\/zun-schweiz.ch\/it\/wp-json\/wp\/v2\/types\/post"}],"author":[{"embeddable":true,"href":"https:\/\/zun-schweiz.ch\/it\/wp-json\/wp\/v2\/users\/4"}],"replies":[{"embeddable":true,"href":"https:\/\/zun-schweiz.ch\/it\/wp-json\/wp\/v2\/comments?post=2514"}],"version-history":[{"count":1,"href":"https:\/\/zun-schweiz.ch\/it\/wp-json\/wp\/v2\/posts\/2514\/revisions"}],"predecessor-version":[{"id":2518,"href":"https:\/\/zun-schweiz.ch\/it\/wp-json\/wp\/v2\/posts\/2514\/revisions\/2518"}],"wp:featuredmedia":[{"embeddable":true,"href":"https:\/\/zun-schweiz.ch\/it\/wp-json\/wp\/v2\/media\/3153"}],"wp:attachment":[{"href":"https:\/\/zun-schweiz.ch\/it\/wp-json\/wp\/v2\/media?parent=2514"}],"wp:term":[{"taxonomy":"category","embeddable":true,"href":"https:\/\/zun-schweiz.ch\/it\/wp-json\/wp\/v2\/categories?post=2514"},{"taxonomy":"post_tag","embeddable":true,"href":"https:\/\/zun-schweiz.ch\/it\/wp-json\/wp\/v2\/tags?post=2514"}],"curies":[{"name":"wp","href":"https:\/\/api.w.org\/{rel}","templated":true}]}}